{"id":36973,"date":"2023-02-18T17:28:58","date_gmt":"2023-02-18T23:28:58","guid":{"rendered":"https:\/\/encuentroinformativo.com.mx\/?p=36973"},"modified":"2023-02-18T17:29:02","modified_gmt":"2023-02-18T23:29:02","slug":"se-juzgan-por-lo-que-dicen-no-por-color-de-piel-gil-rullan","status":"publish","type":"post","link":"https:\/\/encuentroinformativo.com.mx\/?p=36973","title":{"rendered":"Se juzgan por lo que dicen, no por color de piel: Gil Rull\u00e1n"},"content":{"rendered":"\n<p><strong>Dar\u00edo Pale <\/strong><\/p>\n\n\n\n<p>Xalapa, Ver.- La voz no tiene color, responde el dirigente de Movimiento Ciudadano en Veracruz (MC), Sergio Gil Rull\u00e1n, a las expresiones del secretario de gobierno Eric Cisneros ya que se le juzga por lo dice no por su color de piel.<\/p>\n\n\n\n<p>Entrevistada posterior a la toma de protesta del delegado municipal de dicho partido se\u00f1al\u00f3 que, &#8220;la voz no tiene color y se le est\u00e1 juzgando por lo que dice, no porque c\u00f3mo se ve y lo mismo decidi\u00f3 el presidente de la Sala Superior el d\u00eda de ayer&#8221;.<\/p>\n\n\n\n<p>Y es que apenas este viernes el presidente de la Sala Superior del Tribunal Electoral del Poder Judicial de la Federaci\u00f3n, Reyes Rodr\u00edguez Mondrag\u00f3n, neg\u00f3 que en la sentencia en la que se plantea investigar al funcionario por violencia pol\u00edtica en raz\u00f3n de g\u00e9nero, tenga que ver con su color de piel.<\/p>\n\n\n\n<p>Cabe recordar que el secretario de Gobierno calific\u00f3 las acusaciones de la diputada Ruth Callejas como discriminatorias y que buscan preservar discursos en contra de las comunidades \u00e9tnicas.\u00a0\u201cIntentan seguir preservando este tipo de discriminaci\u00f3n en contra de las personas que tenemos este de color, como este servidor\u201d, afirm\u00f3 Cisneros el pasado 14 de febrero.<\/p>\n\n\n\n<p>Fue as\u00ed que el l\u00edder de MC opin\u00f3 que si el Gobierno quiere tolerar la violencia ser\u00e1 un gobierno violentador.<\/p>\n\n\n\n<p>Asimismo, sobre la inseguridad, refiri\u00f3 que la Entidad es la segunda con m\u00e1s n\u00famero de feminicidios.<\/p>\n\n\n\n<p>En otro orden de ideas, respecto del segundo paquete de reformas del llamado Plan B que est\u00e1 en la C\u00e1mara de Senadores y que plantea la desaparici\u00f3n de la Unidad T\u00e9cnica de Igualdad de G\u00e9nero y No Discriminaci\u00f3n; Gil Rull\u00e1n, opin\u00f3 que es el plan V, de venganza y violaci\u00f3n a la Constituci\u00f3n.<\/p>\n\n\n\n<p>Record\u00f3 que el Congreso local lleva 16 acciones de inconstitucionalidad, es incluso el estado del pa\u00eds donde m\u00e1s se le han &#8220;tumbado&#8221; reformas por parte de la Suprema Corte de Justicia de la Naci\u00f3n.<\/p>\n\n\n\n<p>Finalmente reiter\u00f3 que est\u00e1 esperando la invitaci\u00f3n del gobernador del estado para que el pongo d\u00eda lugar y fecha para un debate ya que el est\u00e1 listo.<\/p>\n","protected":false},"excerpt":{"rendered":"<p>Dar\u00edo Pale Xalapa, Ver.- La voz no tiene color, responde el dirigente de Movimiento Ciudadano en Veracruz (MC), Sergio Gil Rull\u00e1n, a las expresiones del secretario de gobierno Eric Cisneros ya que se le juzga por lo dice no por su color de piel. Entrevistada posterior a la toma de protesta del delegado municipal de [&hellip;]<\/p>\n","protected":false},"author":2476,"featured_media":36974,"comment_status":"open","ping_status":"open","sticky":false,"template":"","format":"standard","meta":{"_jetpack_memberships_contains_paid_content":false,"footnotes":""},"categories":[2],"tags":[],"class_list":["post-36973","post","type-post","status-publish","format-standard","has-post-thumbnail","hentry","category-estado"],"jetpack_featured_media_url":"https:\/\/encuentroinformativo.com.mx\/wp-content\/uploads\/2023\/02\/IMG-20230218-WA0026.jpg","jetpack_sharing_enabled":true,"jetpack_likes_enabled":true,"amp_enabled":true,"_links":{"self":[{"href":"https:\/\/encuentroinformativo.com.mx\/index.php?rest_route=\/wp\/v2\/posts\/36973","targetHints":{"allow":["GET"]}}],"collection":[{"href":"https:\/\/encuentroinformativo.com.mx\/index.php?rest_route=\/wp\/v2\/posts"}],"about":[{"href":"https:\/\/encuentroinformativo.com.mx\/index.php?rest_route=\/wp\/v2\/types\/post"}],"author":[{"embeddable":true,"href":"https:\/\/encuentroinformativo.com.mx\/index.php?rest_route=\/wp\/v2\/users\/2476"}],"replies":[{"embeddable":true,"href":"https:\/\/encuentroinformativo.com.mx\/index.php?rest_route=%2Fwp%2Fv2%2Fcomments&post=36973"}],"version-history":[{"count":1,"href":"https:\/\/encuentroinformativo.com.mx\/index.php?rest_route=\/wp\/v2\/posts\/36973\/revisions"}],"predecessor-version":[{"id":36975,"href":"https:\/\/encuentroinformativo.com.mx\/index.php?rest_route=\/wp\/v2\/posts\/36973\/revisions\/36975"}],"wp:featuredmedia":[{"embeddable":true,"href":"https:\/\/encuentroinformativo.com.mx\/index.php?rest_route=\/wp\/v2\/media\/36974"}],"wp:attachment":[{"href":"https:\/\/encuentroinformativo.com.mx\/index.php?rest_route=%2Fwp%2Fv2%2Fmedia&parent=36973"}],"wp:term":[{"taxonomy":"category","embeddable":true,"href":"https:\/\/encuentroinformativo.com.mx\/index.php?rest_route=%2Fwp%2Fv2%2Fcategories&post=36973"},{"taxonomy":"post_tag","embeddable":true,"href":"https:\/\/encuentroinformativo.com.mx\/index.php?rest_route=%2Fwp%2Fv2%2Ftags&post=36973"}],"curies":[{"name":"wp","href":"https:\/\/api.w.org\/{rel}","templated":true}]}}