{"id":36976,"date":"2023-02-18T17:37:34","date_gmt":"2023-02-18T23:37:34","guid":{"rendered":"https:\/\/encuentroinformativo.com.mx\/?p=36976"},"modified":"2023-02-18T17:37:38","modified_gmt":"2023-02-18T23:37:38","slug":"reactivan-actividades-en-lienzo-charro-de-xalapa","status":"publish","type":"post","link":"https:\/\/encuentroinformativo.com.mx\/?p=36976","title":{"rendered":"Reactivan actividades en Lienzo Charro de Xalapa"},"content":{"rendered":"\n<p><strong>Dar\u00edo Pale <\/strong><\/p>\n\n\n\n<p>Xalapa, Ver.- Cientos de personas acudieron este s\u00e1bado al Lienzo Charro de Xalapa donde se realiz\u00f3 la Gran Charreada. Caballos de alta escuela, jinetes, escaramuzas, m\u00fasica de banda y la presentaci\u00f3n del \u00a0Ballet Folcl\u00f3rico Veracruzano.<\/p>\n\n\n\n<p>En entrevista Mauricio Cuevas Gayosso, presidente del Consejo de Turismo de Veracruz, que junto con \u00a0la Asociaci\u00f3n de Charros de Xalapa organiz\u00f3 este evento se\u00f1al\u00f3 que esto es parte de esta actividad que regresa con m\u00e1s propuestas para la poblaci\u00f3n de este y otros municipios del estado.\u00a0<\/p>\n\n\n\n<p>\u201cEste ambiente tambi\u00e9n le gusta a muchas personas, viene gente de Xico, Naolinco, \u00a0nos han estado hablando de muchos lugares cercanos que gustan de los caballos, de la fiesta y es as\u00ed como se desarrollar\u00e1 esta fiesta\u201d, se\u00f1al\u00f3.<\/p>\n\n\n\n<p>Por \u00faltimo dijo que las competencias estatales y nacionales de charrer\u00eda son el siguiente objetivo de este sector que de esta forma promueve el gusto por esta actividad y da empuje a productores locales.<\/p>\n\n\n\n<p>El evento fue amenizado por la Marching Band Halcones, las escaramuzas charras Tierra Bendita \u00a0y las Reales de Misantla.<\/p>\n","protected":false},"excerpt":{"rendered":"<p>Dar\u00edo Pale Xalapa, Ver.- Cientos de personas acudieron este s\u00e1bado al Lienzo Charro de Xalapa donde se realiz\u00f3 la Gran Charreada. Caballos de alta escuela, jinetes, escaramuzas, m\u00fasica de banda y la presentaci\u00f3n del \u00a0Ballet Folcl\u00f3rico Veracruzano. En entrevista Mauricio Cuevas Gayosso, presidente del Consejo de Turismo de Veracruz, que junto con \u00a0la Asociaci\u00f3n de [&hellip;]<\/p>\n","protected":false},"author":2476,"featured_media":36977,"comment_status":"open","ping_status":"open","sticky":false,"template":"","format":"standard","meta":{"_jetpack_memberships_contains_paid_content":false,"footnotes":""},"categories":[3],"tags":[],"class_list":["post-36976","post","type-post","status-publish","format-standard","has-post-thumbnail","hentry","category-xalapa"],"jetpack_featured_media_url":"https:\/\/encuentroinformativo.com.mx\/wp-content\/uploads\/2023\/02\/IMG-20230218-WA00342.jpg","jetpack_sharing_enabled":true,"jetpack_likes_enabled":true,"amp_enabled":true,"_links":{"self":[{"href":"https:\/\/encuentroinformativo.com.mx\/index.php?rest_route=\/wp\/v2\/posts\/36976","targetHints":{"allow":["GET"]}}],"collection":[{"href":"https:\/\/encuentroinformativo.com.mx\/index.php?rest_route=\/wp\/v2\/posts"}],"about":[{"href":"https:\/\/encuentroinformativo.com.mx\/index.php?rest_route=\/wp\/v2\/types\/post"}],"author":[{"embeddable":true,"href":"https:\/\/encuentroinformativo.com.mx\/index.php?rest_route=\/wp\/v2\/users\/2476"}],"replies":[{"embeddable":true,"href":"https:\/\/encuentroinformativo.com.mx\/index.php?rest_route=%2Fwp%2Fv2%2Fcomments&post=36976"}],"version-history":[{"count":1,"href":"https:\/\/encuentroinformativo.com.mx\/index.php?rest_route=\/wp\/v2\/posts\/36976\/revisions"}],"predecessor-version":[{"id":36978,"href":"https:\/\/encuentroinformativo.com.mx\/index.php?rest_route=\/wp\/v2\/posts\/36976\/revisions\/36978"}],"wp:featuredmedia":[{"embeddable":true,"href":"https:\/\/encuentroinformativo.com.mx\/index.php?rest_route=\/wp\/v2\/media\/36977"}],"wp:attachment":[{"href":"https:\/\/encuentroinformativo.com.mx\/index.php?rest_route=%2Fwp%2Fv2%2Fmedia&parent=36976"}],"wp:term":[{"taxonomy":"category","embeddable":true,"href":"https:\/\/encuentroinformativo.com.mx\/index.php?rest_route=%2Fwp%2Fv2%2Fcategories&post=36976"},{"taxonomy":"post_tag","embeddable":true,"href":"https:\/\/encuentroinformativo.com.mx\/index.php?rest_route=%2Fwp%2Fv2%2Ftags&post=36976"}],"curies":[{"name":"wp","href":"https:\/\/api.w.org\/{rel}","templated":true}]}}