{"id":36984,"date":"2023-02-19T14:11:17","date_gmt":"2023-02-19T20:11:17","guid":{"rendered":"https:\/\/encuentroinformativo.com.mx\/?p=36984"},"modified":"2023-02-19T14:11:20","modified_gmt":"2023-02-19T20:11:20","slug":"celebran-al-ejercito","status":"publish","type":"post","link":"https:\/\/encuentroinformativo.com.mx\/?p=36984","title":{"rendered":"Celebran al Ej\u00e9rcito&#8230;"},"content":{"rendered":"\n<p>Emiliano Zapata, Ver.- En las instalaciones de las Comandancias de la 26\/a. Zona Militar y el 63\/o. Batall\u00f3n de Infanter\u00eda, se realiz\u00f3 el evento conmemorativo por el CX aniversario de la creaci\u00f3n del Ej\u00e9rcito Mexicano.<\/p>\n\n\n\n<p>Estuvieron presentes el General de Brigada, Jos\u00e9 Francisco Camarena Hern\u00e1ndez junto al gobernador Cuitl\u00e1huac Garc\u00eda Jim\u00e9nez as\u00ed como el secretario de gobierno, Eric Cisneros Burgos; la fiscal Ver\u00f3nica Hern\u00e1ndez Giad\u00e1ns; y el titular de la Secretaria de Seguridad P\u00fablica (SSP), Cuauht\u00e9moc Zu\u00f1iga Bonilla.<\/p>\n\n\n\n<figure class=\"wp-block-image size-large\"><img loading=\"lazy\" decoding=\"async\" width=\"1024\" height=\"683\" src=\"https:\/\/encuentroinformativo.com.mx\/wp-content\/uploads\/2023\/02\/Photo_1676837316558-1024x683.jpg\" alt=\"\" class=\"wp-image-36986\" srcset=\"https:\/\/encuentroinformativo.com.mx\/wp-content\/uploads\/2023\/02\/Photo_1676837316558-1024x683.jpg 1024w, https:\/\/encuentroinformativo.com.mx\/wp-content\/uploads\/2023\/02\/Photo_1676837316558-300x200.jpg 300w, https:\/\/encuentroinformativo.com.mx\/wp-content\/uploads\/2023\/02\/Photo_1676837316558-768x512.jpg 768w, https:\/\/encuentroinformativo.com.mx\/wp-content\/uploads\/2023\/02\/Photo_1676837316558-1536x1024.jpg 1536w, https:\/\/encuentroinformativo.com.mx\/wp-content\/uploads\/2023\/02\/Photo_1676837316558.jpg 1968w\" sizes=\"auto, (max-width: 1024px) 100vw, 1024px\" \/><\/figure>\n\n\n\n<figure class=\"wp-block-image size-large\"><img loading=\"lazy\" decoding=\"async\" width=\"1024\" height=\"683\" src=\"https:\/\/encuentroinformativo.com.mx\/wp-content\/uploads\/2023\/02\/Photo_1676837287994-1024x683.jpg\" alt=\"\" class=\"wp-image-36987\" srcset=\"https:\/\/encuentroinformativo.com.mx\/wp-content\/uploads\/2023\/02\/Photo_1676837287994-1024x683.jpg 1024w, https:\/\/encuentroinformativo.com.mx\/wp-content\/uploads\/2023\/02\/Photo_1676837287994-300x200.jpg 300w, https:\/\/encuentroinformativo.com.mx\/wp-content\/uploads\/2023\/02\/Photo_1676837287994-768x512.jpg 768w, https:\/\/encuentroinformativo.com.mx\/wp-content\/uploads\/2023\/02\/Photo_1676837287994-1536x1024.jpg 1536w, https:\/\/encuentroinformativo.com.mx\/wp-content\/uploads\/2023\/02\/Photo_1676837287994.jpg 1968w\" sizes=\"auto, (max-width: 1024px) 100vw, 1024px\" \/><\/figure>\n","protected":false},"excerpt":{"rendered":"<p>Emiliano Zapata, Ver.- En las instalaciones de las Comandancias de la 26\/a. Zona Militar y el 63\/o. Batall\u00f3n de Infanter\u00eda, se realiz\u00f3 el evento conmemorativo por el CX aniversario de la creaci\u00f3n del Ej\u00e9rcito Mexicano. Estuvieron presentes el General de Brigada, Jos\u00e9 Francisco Camarena Hern\u00e1ndez junto al gobernador Cuitl\u00e1huac Garc\u00eda Jim\u00e9nez as\u00ed como el secretario [&hellip;]<\/p>\n","protected":false},"author":2476,"featured_media":36985,"comment_status":"open","ping_status":"open","sticky":false,"template":"","format":"standard","meta":{"_jetpack_memberships_contains_paid_content":false,"footnotes":""},"categories":[8],"tags":[],"class_list":["post-36984","post","type-post","status-publish","format-standard","has-post-thumbnail","hentry","category-region"],"jetpack_featured_media_url":"https:\/\/encuentroinformativo.com.mx\/wp-content\/uploads\/2023\/02\/Photo_1676837261302.jpg","jetpack_sharing_enabled":true,"jetpack_likes_enabled":true,"amp_enabled":true,"_links":{"self":[{"href":"https:\/\/encuentroinformativo.com.mx\/index.php?rest_route=\/wp\/v2\/posts\/36984","targetHints":{"allow":["GET"]}}],"collection":[{"href":"https:\/\/encuentroinformativo.com.mx\/index.php?rest_route=\/wp\/v2\/posts"}],"about":[{"href":"https:\/\/encuentroinformativo.com.mx\/index.php?rest_route=\/wp\/v2\/types\/post"}],"author":[{"embeddable":true,"href":"https:\/\/encuentroinformativo.com.mx\/index.php?rest_route=\/wp\/v2\/users\/2476"}],"replies":[{"embeddable":true,"href":"https:\/\/encuentroinformativo.com.mx\/index.php?rest_route=%2Fwp%2Fv2%2Fcomments&post=36984"}],"version-history":[{"count":1,"href":"https:\/\/encuentroinformativo.com.mx\/index.php?rest_route=\/wp\/v2\/posts\/36984\/revisions"}],"predecessor-version":[{"id":36988,"href":"https:\/\/encuentroinformativo.com.mx\/index.php?rest_route=\/wp\/v2\/posts\/36984\/revisions\/36988"}],"wp:featuredmedia":[{"embeddable":true,"href":"https:\/\/encuentroinformativo.com.mx\/index.php?rest_route=\/wp\/v2\/media\/36985"}],"wp:attachment":[{"href":"https:\/\/encuentroinformativo.com.mx\/index.php?rest_route=%2Fwp%2Fv2%2Fmedia&parent=36984"}],"wp:term":[{"taxonomy":"category","embeddable":true,"href":"https:\/\/encuentroinformativo.com.mx\/index.php?rest_route=%2Fwp%2Fv2%2Fcategories&post=36984"},{"taxonomy":"post_tag","embeddable":true,"href":"https:\/\/encuentroinformativo.com.mx\/index.php?rest_route=%2Fwp%2Fv2%2Ftags&post=36984"}],"curies":[{"name":"wp","href":"https:\/\/api.w.org\/{rel}","templated":true}]}}