{"id":36989,"date":"2023-02-19T16:58:54","date_gmt":"2023-02-19T22:58:54","guid":{"rendered":"https:\/\/encuentroinformativo.com.mx\/?p=36989"},"modified":"2023-02-19T16:58:58","modified_gmt":"2023-02-19T22:58:58","slug":"alertan-vecinos-de-coatepec-por-ataques-de-perros","status":"publish","type":"post","link":"https:\/\/encuentroinformativo.com.mx\/?p=36989","title":{"rendered":"Alertan vecinos de Coatepec por ataques de perros"},"content":{"rendered":"\n<p><strong>Juan Arcos <\/strong><\/p>\n\n\n\n<p>Xalapa, Ver.- En la colonia Los Carriles de Coatepec, los vecinos alertan a la poblaci\u00f3n sobre perros que han atacado a las personas en la v\u00eda p\u00fablica.<\/p>\n\n\n\n<p>Esto ha ocurrido sobre las calles R\u00edo La Marina y Francisco Javier Mina, muy cerca del Asrham y el Cerro de las Culebras, ambos sitios tur\u00edsticos del Pueblo M\u00e1gico.<\/p>\n\n\n\n<p>Se habla de tres personas que han sido atacas por los canes en el \u00faltimo mes, que tienen due\u00f1o pero permanecen en la calle, sin correa.<\/p>\n\n\n\n<p>Lo anterior violenta la Ley n\u00famero 876 de Protecci\u00f3n a los Animales para el Estado de Veracruz. En el apartado de responsabilidades, los amos est\u00e1n obligados a mantener a sus mascotas con correa en la calle.<\/p>\n\n\n\n<p>Hace unas semanas, un perro mordi\u00f3 a un ni\u00f1o, de 11 a\u00f1os, en la espalda, ocasion\u00e1ndole lesiones. Tambi\u00e9n a una se\u00f1ora la lastimaron en la pantorrilla, por lo que requiri\u00f3 atenci\u00f3n m\u00e9dica ante una posible infecci\u00f3n.<\/p>\n\n\n\n<p>\u201cPedimos al ayuntamiento que controle esta situaci\u00f3n, ponga orden y obligue a los due\u00f1os a mantener dentro de sus propiedades a los perros o por lo menos tenerlos amarrados\u201d, indicaron de manera an\u00f3nima.<\/p>\n\n\n\n<p>En lo que va del a\u00f1o han sido atacadas al menos cinco personas, siendo mujeres y ni\u00f1os las principales v\u00edctimas.<\/p>\n\n\n\n<p>Algunos vecinos optaron por no permitir a sus hijos jugar en la calle para evitar que sean atacados por los animales.<\/p>\n","protected":false},"excerpt":{"rendered":"<p>Juan Arcos Xalapa, Ver.- En la colonia Los Carriles de Coatepec, los vecinos alertan a la poblaci\u00f3n sobre perros que han atacado a las personas en la v\u00eda p\u00fablica. Esto ha ocurrido sobre las calles R\u00edo La Marina y Francisco Javier Mina, muy cerca del Asrham y el Cerro de las Culebras, ambos sitios tur\u00edsticos [&hellip;]<\/p>\n","protected":false},"author":2476,"featured_media":36990,"comment_status":"open","ping_status":"open","sticky":false,"template":"","format":"standard","meta":{"_jetpack_memberships_contains_paid_content":false,"footnotes":""},"categories":[8],"tags":[],"class_list":["post-36989","post","type-post","status-publish","format-standard","has-post-thumbnail","hentry","category-region"],"jetpack_featured_media_url":"https:\/\/encuentroinformativo.com.mx\/wp-content\/uploads\/2023\/02\/5b99a39a-fd7e-4400-88d2-d8ad44602f84.jpg","jetpack_sharing_enabled":true,"jetpack_likes_enabled":true,"amp_enabled":true,"_links":{"self":[{"href":"https:\/\/encuentroinformativo.com.mx\/index.php?rest_route=\/wp\/v2\/posts\/36989","targetHints":{"allow":["GET"]}}],"collection":[{"href":"https:\/\/encuentroinformativo.com.mx\/index.php?rest_route=\/wp\/v2\/posts"}],"about":[{"href":"https:\/\/encuentroinformativo.com.mx\/index.php?rest_route=\/wp\/v2\/types\/post"}],"author":[{"embeddable":true,"href":"https:\/\/encuentroinformativo.com.mx\/index.php?rest_route=\/wp\/v2\/users\/2476"}],"replies":[{"embeddable":true,"href":"https:\/\/encuentroinformativo.com.mx\/index.php?rest_route=%2Fwp%2Fv2%2Fcomments&post=36989"}],"version-history":[{"count":1,"href":"https:\/\/encuentroinformativo.com.mx\/index.php?rest_route=\/wp\/v2\/posts\/36989\/revisions"}],"predecessor-version":[{"id":36991,"href":"https:\/\/encuentroinformativo.com.mx\/index.php?rest_route=\/wp\/v2\/posts\/36989\/revisions\/36991"}],"wp:featuredmedia":[{"embeddable":true,"href":"https:\/\/encuentroinformativo.com.mx\/index.php?rest_route=\/wp\/v2\/media\/36990"}],"wp:attachment":[{"href":"https:\/\/encuentroinformativo.com.mx\/index.php?rest_route=%2Fwp%2Fv2%2Fmedia&parent=36989"}],"wp:term":[{"taxonomy":"category","embeddable":true,"href":"https:\/\/encuentroinformativo.com.mx\/index.php?rest_route=%2Fwp%2Fv2%2Fcategories&post=36989"},{"taxonomy":"post_tag","embeddable":true,"href":"https:\/\/encuentroinformativo.com.mx\/index.php?rest_route=%2Fwp%2Fv2%2Ftags&post=36989"}],"curies":[{"name":"wp","href":"https:\/\/api.w.org\/{rel}","templated":true}]}}