{"id":3699,"date":"2020-06-29T08:34:03","date_gmt":"2020-06-29T13:34:03","guid":{"rendered":"https:\/\/encuentroinformativo.com\/?p=3699"},"modified":"2020-06-29T08:34:05","modified_gmt":"2020-06-29T13:34:05","slug":"a-dante-y-winckler-los-une-el-mismo-dolor-y-todo-por-yunes","status":"publish","type":"post","link":"https:\/\/encuentroinformativo.com.mx\/?p=3699","title":{"rendered":"A DANTE Y WINCKLER LOS UNE EL MISMO DOLOR&#8230; Y TODO POR YUNES"},"content":{"rendered":"\n<p><strong>+ El regreso de Javier Duarte a redes.<br>+ Falleci\u00f3 alcalde de Coetzala por Covid19.<br>+ Bajaron casos de Coronavirus durante el fin de semana.<br><br><em>Nuestras vidas son los r\u00edos\u00a0<br>que van a dar en la mar,\u00a0<br>que es el morir,\u00a0<br>all\u00ed van los se\u00f1or\u00edos\u00a0<br>derechos a se acabar\u00a0<br>y consumir;\u00a0<br>all\u00ed los r\u00edos caudales,\u00a0<br>all\u00ed los otros medianos\u00a0<br>y m\u00e1s chicos,\u00a0<br>y llegados, son iguales\u00a0<br>los que viven por sus manos\u00a0<br>y los ricos.<br>(Jorge Manrique \/ Coplas por la muerte de su padre.)<\/em><\/strong><\/p>\n\n\n\n<p>Qui\u00e9n pensar\u00eda que con el paso del tiempo, Yunes Linares concitar\u00eda escenarios de desgracia familiar en dos personajes de la historia pol\u00edtica de Veracruz.<\/p>\n\n\n\n<p>El ex fiscal Jorge Winckler Ortiz y el ex gobernador Dante Delgado Rannauro bien podr\u00edan sentarse a echarse un caf\u00e9 para compartir las experiencias y hacer una terapia conjunta por haber perdido a sus respectivos padres justo en momentos dif\u00edciles de sus vidas, donde mucho tiene qu\u00e9 ver el tambi\u00e9n ex gobernador Miguel \u00c1ngel Yunes Linares.<\/p>\n\n\n\n<p>Winckler y Dante: unidos por el mismo dolor, pues Yunes no los dej\u00f3 ver a su padre muerto.<\/p>\n\n\n\n<p>Yunes, como hombre fuerte del chirinato y ejecutor de la aprehensi\u00f3n de Dante en 1996, es finalmente el culpable de que el alvarade\u00f1o\/cordob\u00e9s no pudiera despedirse de su progenitor, quien falleci\u00f3 tres d\u00edas despu\u00e9s de que Delgado fuera detenido.<\/p>\n\n\n\n<p>Por otra parte, Winckler Ortiz (aunque en una situaci\u00f3n m\u00e1s compleja) tampoco pudo ir a decirle adi\u00f3s a su pap\u00e1 Jorge Winckler Yessin, fallecido el pasado 23 de junio, aparentemente v\u00edctima de COVID-19. En esto tambi\u00e9n tiene que ver Yunes Linares, pues la ausencia de Winckler est\u00e1 relacionada con el hecho de que es un personaje clave en la persecuci\u00f3n judicial que se pudiera emprender contra Yunes Linares, e incluso, se rumora, tuvo mucho que ver para ayudarle a escapar.<\/p>\n\n\n\n<p>En el caso de Dante Delgado Rannauro, su paso por la c\u00e1rcel de Pacho Viejo fue por estar acusado de peculado, enriquecimiento il\u00edcito y abuso de autoridad, donde se mantuvo un a\u00f1o y tres meses, desde finales de 1996. Finalmente sali\u00f3 porque supuestamente el delito hab\u00eda prescrito, adem\u00e1s de que gan\u00f3 una demanda por da\u00f1o moral al estado mexicano. Su encarcelamiento tuvo que ver m\u00e1s con motivos pol\u00edticos que de justicia. Se sabe que en ese entonces tuvo fuertes diferencias con el presidente Ernesto Zedillo, y eso inmediatamente le caus\u00f3 que fuese perseguido y entambado.<\/p>\n\n\n\n<p>All\u00ed en Pacho Viejo, el ex mandatario y due\u00f1o de Movimiento Ciudadano (partido que fund\u00f3 en 1997 con el nombre de Convergencia por la Democracia) tuvo que soportar la noticia del fallecimiento de su padre, Don Pedro Jos\u00e9 Delgado Figueroa.<\/p>\n\n\n\n<p>Sobre este tema, una nota de La Jornada, fechada el viernes 20 de diciembre de 1996, firmada por los reporteros Juan Manuel Venegas y Manuel Enr\u00edquez, recoge el dato de que la entonces Direcci\u00f3n de Prevenci\u00f3n y Readaptaci\u00f3n Social informaba en un comunicado que por la madrugada le avisaron a Dante de la muerte de su padre, a trav\u00e9s de Gerardo Gil Ortiz (ex conocido abogado ya fallecido, ex notario y ex presidente de los Tiburones Rojos) y que se le notificaba al interno la autorizaci\u00f3n para salir de la c\u00e1rcel a fin de que asistiera a los funerales.<\/p>\n\n\n\n<p>Sin embargo, los abogados defensores informaron que en ning\u00fan momento presentaron solicitud de salida, &#8220;por seguridad&#8221; del ex mandatario.<\/p>\n\n\n\n<p>La otra versi\u00f3n m\u00e1s conocida entre el medio pol\u00edtico y period\u00edstico, es que Dante s\u00ed pidi\u00f3 que lo dejaran ir al velorio de su progenitor para despedirse, aceptando las condiciones de vigilancia, pero desde Palacio de Gobierno (donde mandaba el gobernador Patricio Chirinos y ejecutaba el secretario de Gobierno, Miguel \u00c1ngel Yunes Linares) le respondieron con una disposici\u00f3n m\u00e1s ojete: s\u00ed le daban el permiso, pero tendr\u00eda que ir esposado. La idea: humillarlo y hacer mofa de su situaci\u00f3n.<\/p>\n\n\n\n<p>Finalmente Dante no pudo despedirse de su padre y es sabido que durante mucho tiempo guard\u00f3 ese rencor; de hecho, todo apunta que la salud de su progenitor se agrav\u00f3 cuando supo que a su hijo lo hab\u00edan detenido y eso caus\u00f3 su muerte.<\/p>\n\n\n\n<p>A lo mejor ya no tiene dicho rencor, porque hasta apoy\u00f3 al hijo de Miguel \u00c1ngel Yunes a la gubernatura y todo apunta que volver\u00e1n a aliarse en Veracruz para hacerle frente a Morena. De hecho, se comenta que, si bien Yunes fue el operador para la detenci\u00f3n y encarcelamiento de Dante, hay otras versiones en el sentido de que lo protegi\u00f3 hasta donde pudo.<\/p>\n\n\n\n<p>Con el ex fiscal Jorge Winckler Ortiz, el funcionario yunista que se negaba a dejar el cargo a sabiendas de que ya no encajaba en los planes de la &#8220;Cuarta Transformeishion&#8221; en Veracruz, hubo intentos bastante mal hechos para hacerle juicio pol\u00edtico en el Congreso, y, aunque les cost\u00f3 trabajo, finalmente los de la 4T lograron destituirlo y sacarlo de la Fiscal\u00eda General del Estado.<\/p>\n\n\n\n<p>De ah\u00ed, el ex fiscal tuvo que emprender la huida porque ya se ve\u00eda que la 4T no se la iba a perdonar, adem\u00e1s de su sabida cercan\u00eda con el ex gobernador Miguel \u00c1ngel Yunes Linares.<\/p>\n\n\n\n<p>Cosas de la vida; suele suceder y uno ha pasado por ah\u00ed: lamentablemente, ahora escondido y huyendo de la justicia, se le adelant\u00f3 su se\u00f1or padre y no pudo despedirse de \u00e9l o por lo menos hacer acto de presencia en las exequias como hubiese querido: libre y sin la Fiscal\u00eda que encabezaba ahora persigui\u00e9ndolo.<\/p>\n\n\n\n<p>Y es que esa cercan\u00eda con Yunes lo mantiene a salto de mata, escondido, en calidad de pr\u00f3fugo, al menos hasta que la situaci\u00f3n pol\u00edtica en M\u00e9xico y Veracruz cambien para favorecerlo y que pueda salir de su escondite. (O sea, que el PAN gane nuevamente el poder estatal o federal).<\/p>\n\n\n\n<p>No obstante, mucho se ha comentado que el pr\u00f3fugo de la justicia no ten\u00eda una buena relaci\u00f3n con su padre y el mismo ex fiscal mostraba que hab\u00eda un marcado distanciamiento con su progenitor. Por lo anterior, Winckler, al parecer, sufr\u00eda o sufre de esa falta de figura paternal que finalmente adopt\u00f3 en el ex gobernador Yunes Linares, a quien se le notaba una admiraci\u00f3n casi enfermiza que lo mantiene escondido, huyendo (con todo y familia) no s\u00f3lo para escapar de la justicia en tiempos de la 4T, sino tambi\u00e9n para no perjudicar a su patr\u00f3n.<\/p>\n\n\n\n<p>Y es que ante la ausencia de padre biol\u00f3gico, Winckler encontr\u00f3 en Yunes Linares a un padre putativo; su admiraci\u00f3n era notable que iba m\u00e1s all\u00e1 de la del colaborador a su jefe: Yunes encarnaba para Winckler la figura paterna.<\/p>\n\n\n\n<p>Lo que s\u00ed es un hecho &#8211;m\u00e1s all\u00e1 de las versiones de la mala relaci\u00f3n de Winckler con su padre&#8211; es que hay una denuncia en contra del fallecido notario oaxaque\u00f1o Jorge Winckler Yessin, por haber presuntamente ayudado a Marcos Even Torres Zamudio, ex fiscal Anticorrupci\u00f3n (gur\u00fa del Winckler pr\u00f3fugo), a eludir la acci\u00f3n de la justicia, realizando certificaciones a su favor para aportarlas como prueba en los juicios de amparo que ha promovido contra la orden de aprehensi\u00f3n girada en su contra por privaci\u00f3n de la libertad en su modalidad de secuestro, desaparici\u00f3n forzada de personas y otros delitos.<\/p>\n\n\n\n<p>Es decir, el padre del ex fiscal general de Veracruz habr\u00eda ayudado al gur\u00fa de su v\u00e1stago, Torres Zamudio, a eludir la acci\u00f3n de la justicia, lo que podr\u00eda ser un indicio de que s\u00ed hab\u00eda una relaci\u00f3n todav\u00eda entre padre e hijo.<\/p>\n\n\n\n<p>Pero lo que es la historia y c\u00f3mo se vuelve a vincular todo: por Yunes, dos personajes pol\u00edticos de Veracruz no pudieron despedirse de sus padres fallecidos. Coincidencias, iron\u00edas de la vida.<\/p>\n\n\n\n<p><strong>NOTA PARA PEGAR EN EL REFRI:<\/strong> Quien reapareci\u00f3 nuevamente en redes sociales fue el exgobernador Javier Duarte de Ochoa, para retuitear un texto que dice &#8220;Los carniceros de ayer las reses de hoy&#8221;, con una foto donde se aprecia a Vicente Ben\u00edtez, uno de sus colaboradores m\u00e1s cercanos cuando estaba en la plenitud del pinche poder, pero que finalmente lo traicion\u00f3 para aliarse a su enemigo ac\u00e9rrimo Miguel \u00c1ngel Yunes Linares&#8230; \u00bfSer\u00e1 que lo veamos m\u00e1s seguido en redes y hasta en medios? Dicen que le dicta a una portavoz muy cercana, desde donde tambi\u00e9n triangula informaci\u00f3n tambi\u00e9n para medios afines.<\/p>\n\n\n\n<p><strong>OTRA NOTA: <\/strong>Muri\u00f3 el alcalde de Coetzala, Gerardo Acahua Apale, luego de que en d\u00edas pasados se dio a conocer que padec\u00eda Covid19 y fue internado en un hospital de C\u00f3rdoba. Su municipio est\u00e1 enclavado en la Sierra de Zongolica. La realidad es que el coronavirus no perdona ni lugares pobres ni ricos.<\/p>\n\n\n\n<p><strong>LA \u00daLTIMA PORQUE LECTURA OBLIGADA: <\/strong>Faltar\u00eda seguir viendo los n\u00fameros que presenta diariamente la Secretar\u00eda de Salud, pero este fin de semana parece que redujeron los contagios y las defunciones por Covid19. El viernes, por ejemplo, reportaron una cifra de positivos acumulados de 9 mil 523 (354 nuevos respecto al d\u00eda anterior) en 165 demarcaciones con un total de mil 377 activos y mil 393 sospechosos activos. Tambi\u00e9n se reportaban mil 462 (57 nuevos) defunciones en 110 municipios. Para el s\u00e1bado se reportaron 9 mil 689 (+ 166 nuevos) casos positivos acumulados es de 9 mil 689 (+ 166 nuevos) en 167 municipios, con un total de mil 305 activos y mil 507 sospechosos activos, con mil 488 (+ 27 nuevos) defunciones en 110 demarcaciones. Este domingo, volvieron a disminuir los n\u00fameros: cifra de positivos acumulados es de 9 mil 805 (+ 116 nuevos) en 168 municipios y reporte de mil 508 (+ 20 nuevas) defunciones en 110 demarcaciones.<\/p>\n\n\n\n<p><strong>@pablojair<\/strong><br><\/p>\n","protected":false},"excerpt":{"rendered":"<p>+ El regreso de Javier Duarte a redes.+ Falleci\u00f3 alcalde de Coetzala por Covid19.+ Bajaron casos de Coronavirus durante el fin de semana. Nuestras vidas son los r\u00edos\u00a0que van a dar en la mar,\u00a0que es el morir,\u00a0all\u00ed van los se\u00f1or\u00edos\u00a0derechos a se acabar\u00a0y consumir;\u00a0all\u00ed los r\u00edos caudales,\u00a0all\u00ed los otros medianos\u00a0y m\u00e1s chicos,\u00a0y llegados, son iguales\u00a0los [&hellip;]<\/p>\n","protected":false},"author":1,"featured_media":488,"comment_status":"open","ping_status":"open","sticky":false,"template":"","format":"standard","meta":{"_jetpack_memberships_contains_paid_content":false,"footnotes":""},"categories":[11],"tags":[],"class_list":["post-3699","post","type-post","status-publish","format-standard","has-post-thumbnail","hentry","category-opinion"],"jetpack_featured_media_url":"https:\/\/encuentroinformativo.com.mx\/wp-content\/uploads\/2020\/03\/F471F608-BA1A-416B-BA7B-BCFB24F4E6D0.jpeg","jetpack_sharing_enabled":true,"jetpack_likes_enabled":true,"amp_enabled":true,"_links":{"self":[{"href":"https:\/\/encuentroinformativo.com.mx\/index.php?rest_route=\/wp\/v2\/posts\/3699","targetHints":{"allow":["GET"]}}],"collection":[{"href":"https:\/\/encuentroinformativo.com.mx\/index.php?rest_route=\/wp\/v2\/posts"}],"about":[{"href":"https:\/\/encuentroinformativo.com.mx\/index.php?rest_route=\/wp\/v2\/types\/post"}],"author":[{"embeddable":true,"href":"https:\/\/encuentroinformativo.com.mx\/index.php?rest_route=\/wp\/v2\/users\/1"}],"replies":[{"embeddable":true,"href":"https:\/\/encuentroinformativo.com.mx\/index.php?rest_route=%2Fwp%2Fv2%2Fcomments&post=3699"}],"version-history":[{"count":1,"href":"https:\/\/encuentroinformativo.com.mx\/index.php?rest_route=\/wp\/v2\/posts\/3699\/revisions"}],"predecessor-version":[{"id":3700,"href":"https:\/\/encuentroinformativo.com.mx\/index.php?rest_route=\/wp\/v2\/posts\/3699\/revisions\/3700"}],"wp:featuredmedia":[{"embeddable":true,"href":"https:\/\/encuentroinformativo.com.mx\/index.php?rest_route=\/wp\/v2\/media\/488"}],"wp:attachment":[{"href":"https:\/\/encuentroinformativo.com.mx\/index.php?rest_route=%2Fwp%2Fv2%2Fmedia&parent=3699"}],"wp:term":[{"taxonomy":"category","embeddable":true,"href":"https:\/\/encuentroinformativo.com.mx\/index.php?rest_route=%2Fwp%2Fv2%2Fcategories&post=3699"},{"taxonomy":"post_tag","embeddable":true,"href":"https:\/\/encuentroinformativo.com.mx\/index.php?rest_route=%2Fwp%2Fv2%2Ftags&post=3699"}],"curies":[{"name":"wp","href":"https:\/\/api.w.org\/{rel}","templated":true}]}}