{"id":36992,"date":"2023-02-19T17:08:54","date_gmt":"2023-02-19T23:08:54","guid":{"rendered":"https:\/\/encuentroinformativo.com.mx\/?p=36992"},"modified":"2023-02-19T17:08:59","modified_gmt":"2023-02-19T23:08:59","slug":"colectivos-reclaman-cumplimiento-de-acuerdos","status":"publish","type":"post","link":"https:\/\/encuentroinformativo.com.mx\/?p=36992","title":{"rendered":"Colectivos reclaman cumplimiento de acuerdos"},"content":{"rendered":"\n<p><strong>Juan Arcos <\/strong><\/p>\n\n\n\n<p>Xalapa, Ver.- Colectivos de familiares de desaparecidos exigen a autoridades estatales que se cumplan los compromisos planteados al gobernador Cuitl\u00e1huac Garc\u00eda Jim\u00e9nez en la reuni\u00f3n que se realiz\u00f3 despu\u00e9s de dos a\u00f1os.<\/p>\n\n\n\n<p>Luc\u00eda de los \u00c1ngeles D\u00edaz Genao, integrante del colectivo Solecito, indic\u00f3 que la mesa de trabajo que se llev\u00f3 a cabo en la Fiscal\u00eda General del Estado (FGE), durante el s\u00e1bado 18 de febrero, en esta ciudad de Xalapa, dur\u00f3 m\u00e1s de seis horas.<\/p>\n\n\n\n<p>Participaron diversos colectivos de b\u00fasqueda, mismos que hab\u00edan demandado constantemente que regresaran las reuniones con el mandatario estatal.<\/p>\n\n\n\n<p>\u201cNo puedo resaltar nada en especial, solo que esperamos que contin\u00faen las reuniones y que de las minutas que quedaron de mandar, que se cumplan cuando menos algunos de los acuerdos\u201d, expres\u00f3 la activista.<\/p>\n\n\n\n<p>Luc\u00eda detall\u00f3 que se plantearon diversas peticiones, como agilizar la identificaci\u00f3n de restos humanos hallados en fosas clandestinas y las investigaciones correspondientes.<\/p>\n\n\n\n<p>\u201cTodos los temas que nos ata\u00f1en, Periciales, centro de identificaci\u00f3n forense, la investigaci\u00f3n de los casos que no tienen\u201d, manifest\u00f3 la entrevistada.<\/p>\n\n\n\n<p>Tambi\u00e9n se extern\u00f3 al Gobernador de Veracruz la preocupaci\u00f3n de los colectivos por la falta de presupuesto en la Fiscal\u00eda para la b\u00fasqueda y localizaci\u00f3n de personas desaparecidas.<\/p>\n\n\n\n<p>\u201cEl presupuesto de Fiscal\u00eda que han hecho algunas cosas, han mejorado en algunas cosas, pero le falta mucho porque es una instituci\u00f3n que tiene requerimientos muy grandes de recursos y no tiene\u201d, enfatiz\u00f3 D\u00edaz Genao.<\/p>\n\n\n\n<p>La FGE, a cargo de Ver\u00f3nica Hern\u00e1ndez Giad\u00e1ns, inform\u00f3 que, en un di\u00e1logo cordial, los colectivos escucharon inquietudes, intercambiaron puntos de vista y se les inform\u00f3 acerca de las acciones y diligencias que se han realizado siempre como una prioridad y de manera coordinada con las instancias federales y estatales, para avanzar en la localizaci\u00f3n de sus seres queridos.<\/p>\n\n\n\n<p>Tambi\u00e9n se destac\u00f3 la manera en que la Unidad Integral de Servicios M\u00e9dicos Forenses en Nogales ha permitido agilizar hasta en cinco veces m\u00e1s los procesos de an\u00e1lisis de individuos no identificados, para determinar su identidad.<\/p>\n\n\n\n<p>En la reuni\u00f3n tambi\u00e9n participaron integrantes del colectivo Familiares Enlaces Xalapa, as\u00ed como de otros grupos de b\u00fasqueda, de las distintas regiones de las entidad veracruzana.<\/p>\n","protected":false},"excerpt":{"rendered":"<p>Juan Arcos Xalapa, Ver.- Colectivos de familiares de desaparecidos exigen a autoridades estatales que se cumplan los compromisos planteados al gobernador Cuitl\u00e1huac Garc\u00eda Jim\u00e9nez en la reuni\u00f3n que se realiz\u00f3 despu\u00e9s de dos a\u00f1os. Luc\u00eda de los \u00c1ngeles D\u00edaz Genao, integrante del colectivo Solecito, indic\u00f3 que la mesa de trabajo que se llev\u00f3 a cabo [&hellip;]<\/p>\n","protected":false},"author":2476,"featured_media":36993,"comment_status":"open","ping_status":"open","sticky":false,"template":"","format":"standard","meta":{"_jetpack_memberships_contains_paid_content":false,"footnotes":""},"categories":[3],"tags":[],"class_list":["post-36992","post","type-post","status-publish","format-standard","has-post-thumbnail","hentry","category-xalapa"],"jetpack_featured_media_url":"https:\/\/encuentroinformativo.com.mx\/wp-content\/uploads\/2023\/02\/IMG_3418.jpg","jetpack_sharing_enabled":true,"jetpack_likes_enabled":true,"amp_enabled":true,"_links":{"self":[{"href":"https:\/\/encuentroinformativo.com.mx\/index.php?rest_route=\/wp\/v2\/posts\/36992","targetHints":{"allow":["GET"]}}],"collection":[{"href":"https:\/\/encuentroinformativo.com.mx\/index.php?rest_route=\/wp\/v2\/posts"}],"about":[{"href":"https:\/\/encuentroinformativo.com.mx\/index.php?rest_route=\/wp\/v2\/types\/post"}],"author":[{"embeddable":true,"href":"https:\/\/encuentroinformativo.com.mx\/index.php?rest_route=\/wp\/v2\/users\/2476"}],"replies":[{"embeddable":true,"href":"https:\/\/encuentroinformativo.com.mx\/index.php?rest_route=%2Fwp%2Fv2%2Fcomments&post=36992"}],"version-history":[{"count":1,"href":"https:\/\/encuentroinformativo.com.mx\/index.php?rest_route=\/wp\/v2\/posts\/36992\/revisions"}],"predecessor-version":[{"id":36994,"href":"https:\/\/encuentroinformativo.com.mx\/index.php?rest_route=\/wp\/v2\/posts\/36992\/revisions\/36994"}],"wp:featuredmedia":[{"embeddable":true,"href":"https:\/\/encuentroinformativo.com.mx\/index.php?rest_route=\/wp\/v2\/media\/36993"}],"wp:attachment":[{"href":"https:\/\/encuentroinformativo.com.mx\/index.php?rest_route=%2Fwp%2Fv2%2Fmedia&parent=36992"}],"wp:term":[{"taxonomy":"category","embeddable":true,"href":"https:\/\/encuentroinformativo.com.mx\/index.php?rest_route=%2Fwp%2Fv2%2Fcategories&post=36992"},{"taxonomy":"post_tag","embeddable":true,"href":"https:\/\/encuentroinformativo.com.mx\/index.php?rest_route=%2Fwp%2Fv2%2Ftags&post=36992"}],"curies":[{"name":"wp","href":"https:\/\/api.w.org\/{rel}","templated":true}]}}