{"id":36995,"date":"2023-02-19T17:24:06","date_gmt":"2023-02-19T23:24:06","guid":{"rendered":"https:\/\/encuentroinformativo.com.mx\/?p=36995"},"modified":"2023-02-19T17:24:10","modified_gmt":"2023-02-19T23:24:10","slug":"en-la-vispera-de-cumbre-tajin-carreteras-lucen-en-mal-estado","status":"publish","type":"post","link":"https:\/\/encuentroinformativo.com.mx\/?p=36995","title":{"rendered":"En la v\u00edspera de Cumbre Taj\u00edn, carreteras lucen en mal estado"},"content":{"rendered":"\n<p><strong>Juan Arcos <\/strong><\/p>\n\n\n\n<p>Xalapa, Ver.- Los caminos en Papantla, al norte de la entidad, lucen en malas condiciones, llenos de baches y hoyos, pese a que el festival internacional Cumbre Taj\u00edn 2023 iniciar\u00e1 en unas semanas.<\/p>\n\n\n\n<p>Los pobladores de El Cedral compartieron fotograf\u00edas sobre el estado en que se encuentran las v\u00edas de comunicaci\u00f3n cerca de la zona arqueol\u00f3gica El Taj\u00edn, donde se esperan miles de turistas durante el evento mencionado.<\/p>\n\n\n\n<p>El evento est\u00e1 programado del 21 al 26 de marzo.<\/p>\n\n\n\n<p>La Secretar\u00eda de Turismo y Cultura logr\u00f3 que volvieran las presentaciones de artistas de talla internacional, como INNA, Residente, Juan Mag\u00e1n y Molotov.<\/p>\n\n\n\n<p>Sin embargo, los habitantes de Papantla han externado varias veces la necesidad del mejoramiento de las carreteras en la zona norte de Veracruz, pero han sido ignorados.<\/p>\n\n\n\n<p>\u201cAs\u00ed las carreteras en El Cedral, en Papantla, a unas semanas de Cumbre Taj\u00edn\u201d, se lee en los mensajes que han circulado en redes sociales durante los \u00faltimos d\u00edas.<\/p>\n\n\n\n<p>La reparaci\u00f3n de la infraestructura carretera resulta indispensable para la detonaci\u00f3n del turismo, durante Cumbre Taj\u00edn, el festival m\u00e1s importante de la entidad.<\/p>\n\n\n\n<p>El pueblo totonaco compartir\u00eda su cultura, mediante m\u00e1s de 700 actividades entre talleres, exposiciones y la ceremonia ritual de los Voladores de Papantla.<\/p>\n\n\n\n<p>Los asistentes podr\u00e1n involucrarse en m\u00e1s de 475 talleres y exposiciones, 129 ceremonias y rituales, de las 11:00 a las 16:00 horas en el Parque Tem\u00e1tico Takilhsukut y el Centro de las Artes Ind\u00edgenas, de manera gratuita.<\/p>\n","protected":false},"excerpt":{"rendered":"<p>Juan Arcos Xalapa, Ver.- Los caminos en Papantla, al norte de la entidad, lucen en malas condiciones, llenos de baches y hoyos, pese a que el festival internacional Cumbre Taj\u00edn 2023 iniciar\u00e1 en unas semanas. Los pobladores de El Cedral compartieron fotograf\u00edas sobre el estado en que se encuentran las v\u00edas de comunicaci\u00f3n cerca de [&hellip;]<\/p>\n","protected":false},"author":2476,"featured_media":36996,"comment_status":"open","ping_status":"open","sticky":false,"template":"","format":"standard","meta":{"_jetpack_memberships_contains_paid_content":false,"footnotes":""},"categories":[2],"tags":[],"class_list":["post-36995","post","type-post","status-publish","format-standard","has-post-thumbnail","hentry","category-estado"],"jetpack_featured_media_url":"https:\/\/encuentroinformativo.com.mx\/wp-content\/uploads\/2023\/02\/IMG_2555.jpg","jetpack_sharing_enabled":true,"jetpack_likes_enabled":true,"amp_enabled":true,"_links":{"self":[{"href":"https:\/\/encuentroinformativo.com.mx\/index.php?rest_route=\/wp\/v2\/posts\/36995","targetHints":{"allow":["GET"]}}],"collection":[{"href":"https:\/\/encuentroinformativo.com.mx\/index.php?rest_route=\/wp\/v2\/posts"}],"about":[{"href":"https:\/\/encuentroinformativo.com.mx\/index.php?rest_route=\/wp\/v2\/types\/post"}],"author":[{"embeddable":true,"href":"https:\/\/encuentroinformativo.com.mx\/index.php?rest_route=\/wp\/v2\/users\/2476"}],"replies":[{"embeddable":true,"href":"https:\/\/encuentroinformativo.com.mx\/index.php?rest_route=%2Fwp%2Fv2%2Fcomments&post=36995"}],"version-history":[{"count":1,"href":"https:\/\/encuentroinformativo.com.mx\/index.php?rest_route=\/wp\/v2\/posts\/36995\/revisions"}],"predecessor-version":[{"id":36997,"href":"https:\/\/encuentroinformativo.com.mx\/index.php?rest_route=\/wp\/v2\/posts\/36995\/revisions\/36997"}],"wp:featuredmedia":[{"embeddable":true,"href":"https:\/\/encuentroinformativo.com.mx\/index.php?rest_route=\/wp\/v2\/media\/36996"}],"wp:attachment":[{"href":"https:\/\/encuentroinformativo.com.mx\/index.php?rest_route=%2Fwp%2Fv2%2Fmedia&parent=36995"}],"wp:term":[{"taxonomy":"category","embeddable":true,"href":"https:\/\/encuentroinformativo.com.mx\/index.php?rest_route=%2Fwp%2Fv2%2Fcategories&post=36995"},{"taxonomy":"post_tag","embeddable":true,"href":"https:\/\/encuentroinformativo.com.mx\/index.php?rest_route=%2Fwp%2Fv2%2Ftags&post=36995"}],"curies":[{"name":"wp","href":"https:\/\/api.w.org\/{rel}","templated":true}]}}