{"id":37002,"date":"2023-02-20T11:14:10","date_gmt":"2023-02-20T17:14:10","guid":{"rendered":"https:\/\/encuentroinformativo.com.mx\/?p=37002"},"modified":"2023-02-20T11:14:14","modified_gmt":"2023-02-20T17:14:14","slug":"reclaman-docentes-para-kinder-de-ixhuatlan-del-cafe","status":"publish","type":"post","link":"https:\/\/encuentroinformativo.com.mx\/?p=37002","title":{"rendered":"Reclaman docentes para kinder de Ixhuatl\u00e1n del Caf\u00e9"},"content":{"rendered":"\n<p><strong>Dar\u00edo Pale <\/strong><\/p>\n\n\n\n<p>Xalapa, Ver.- Padres de familia del Jard\u00edn de ni\u00f1os Bertha Von Glumer Leyva de la comunidad de Potrerillo Guadalupe del municipio de Ixhuatl\u00e1n del Caf\u00e9 se manifestaron en las oficinas de la Secretar\u00eda de Educaci\u00f3n de Veracruz (SEV), para exigir una maestra para dicha escuela.<\/p>\n\n\n\n<p>Entrevistada durante la manifestaci\u00f3n la se\u00f1ora Mar\u00eda Caritina Xaca Rosas, a nombre de los padres de familia dio a conocer que la solicitud de un maestro es por el crecimiento de la matr\u00edcula escolar y la que actualmente da el servicio, no se da abasto para atender todos los grupos.<\/p>\n\n\n\n<p>Dio a conocer que en varias ocasiones han solicitado a las autoridades de la SEV el envi\u00f3 de una maestra m\u00e1s, pero la respuesta que reciben es que el Jard\u00edn de Ni\u00f1os es peque\u00f1o y no requiere m\u00e1s personal docente, cuando es otra la realidad y que con una maestra es suficiente.<\/p>\n\n\n\n<p>Se\u00f1alo que en el periodo de preinscripciones, se ha notado el incremento de la matr\u00edcula para el pr\u00f3ximo ciclo escolar y los p\u00e1rvulos actuales que all\u00ed acuden no reciben una instrucci\u00f3n de calidad, pues son muchos los ni\u00f1os que en estos momentos acuden a dicho plantel escolar.<\/p>\n\n\n\n<p>\u201cEs por eso la inquietud que nos mueve y que nos orill\u00f3 a trasladarnos desde nuestra comunidad hasta la capital del estado, para exigir que se nos dote al menos con una maestra m\u00e1s y que apoye a la que actualmente existe\u201d, se\u00f1al\u00f3.<\/p>\n\n\n\n<p>Los padres de familia advirtieron que se mantendr\u00e1n en plant\u00f3n en el acceso principal hasta que se les asigne a un docente.\u00a0<\/p>\n\n\n\n<p>\u201cAhorita venimos en buen plan a pedir el apoyo a la SEV para que nos mande a una persona m\u00e1s y se escuchados, pero de no recibir una respuesta satisfactoria se tomar\u00e1n otras medidas\u201d, coment\u00f3.<\/p>\n\n\n\n<p>Por \u00faltimo se\u00f1al\u00f3 que a las oficinas centrales de la SEV solo acudi\u00f3 una comisi\u00f3n de padres de familia, porque otra parte se encuentra en las instalaciones de la Zona Escolar 128, ubicada en Coscomatepec de Bravo y otro tanto m\u00e1s en el propio Jard\u00edn de Ni\u00f1os.<\/p>\n\n\n\n<figure class=\"wp-block-image size-large\"><img loading=\"lazy\" decoding=\"async\" width=\"1024\" height=\"683\" src=\"https:\/\/encuentroinformativo.com.mx\/wp-content\/uploads\/2023\/02\/IMG-20230220-WA0025-1024x683.jpg\" alt=\"\" class=\"wp-image-37004\" srcset=\"https:\/\/encuentroinformativo.com.mx\/wp-content\/uploads\/2023\/02\/IMG-20230220-WA0025-1024x683.jpg 1024w, https:\/\/encuentroinformativo.com.mx\/wp-content\/uploads\/2023\/02\/IMG-20230220-WA0025-300x200.jpg 300w, https:\/\/encuentroinformativo.com.mx\/wp-content\/uploads\/2023\/02\/IMG-20230220-WA0025-768x512.jpg 768w, https:\/\/encuentroinformativo.com.mx\/wp-content\/uploads\/2023\/02\/IMG-20230220-WA0025.jpg 1280w\" sizes=\"auto, (max-width: 1024px) 100vw, 1024px\" \/><\/figure>\n","protected":false},"excerpt":{"rendered":"<p>Dar\u00edo Pale Xalapa, Ver.- Padres de familia del Jard\u00edn de ni\u00f1os Bertha Von Glumer Leyva de la comunidad de Potrerillo Guadalupe del municipio de Ixhuatl\u00e1n del Caf\u00e9 se manifestaron en las oficinas de la Secretar\u00eda de Educaci\u00f3n de Veracruz (SEV), para exigir una maestra para dicha escuela. Entrevistada durante la manifestaci\u00f3n la se\u00f1ora Mar\u00eda Caritina [&hellip;]<\/p>\n","protected":false},"author":2476,"featured_media":37003,"comment_status":"open","ping_status":"open","sticky":false,"template":"","format":"standard","meta":{"_jetpack_memberships_contains_paid_content":false,"footnotes":""},"categories":[2],"tags":[],"class_list":["post-37002","post","type-post","status-publish","format-standard","has-post-thumbnail","hentry","category-estado"],"jetpack_featured_media_url":"https:\/\/encuentroinformativo.com.mx\/wp-content\/uploads\/2023\/02\/IMG-20230220-WA0024.jpg","jetpack_sharing_enabled":true,"jetpack_likes_enabled":true,"amp_enabled":true,"_links":{"self":[{"href":"https:\/\/encuentroinformativo.com.mx\/index.php?rest_route=\/wp\/v2\/posts\/37002","targetHints":{"allow":["GET"]}}],"collection":[{"href":"https:\/\/encuentroinformativo.com.mx\/index.php?rest_route=\/wp\/v2\/posts"}],"about":[{"href":"https:\/\/encuentroinformativo.com.mx\/index.php?rest_route=\/wp\/v2\/types\/post"}],"author":[{"embeddable":true,"href":"https:\/\/encuentroinformativo.com.mx\/index.php?rest_route=\/wp\/v2\/users\/2476"}],"replies":[{"embeddable":true,"href":"https:\/\/encuentroinformativo.com.mx\/index.php?rest_route=%2Fwp%2Fv2%2Fcomments&post=37002"}],"version-history":[{"count":1,"href":"https:\/\/encuentroinformativo.com.mx\/index.php?rest_route=\/wp\/v2\/posts\/37002\/revisions"}],"predecessor-version":[{"id":37005,"href":"https:\/\/encuentroinformativo.com.mx\/index.php?rest_route=\/wp\/v2\/posts\/37002\/revisions\/37005"}],"wp:featuredmedia":[{"embeddable":true,"href":"https:\/\/encuentroinformativo.com.mx\/index.php?rest_route=\/wp\/v2\/media\/37003"}],"wp:attachment":[{"href":"https:\/\/encuentroinformativo.com.mx\/index.php?rest_route=%2Fwp%2Fv2%2Fmedia&parent=37002"}],"wp:term":[{"taxonomy":"category","embeddable":true,"href":"https:\/\/encuentroinformativo.com.mx\/index.php?rest_route=%2Fwp%2Fv2%2Fcategories&post=37002"},{"taxonomy":"post_tag","embeddable":true,"href":"https:\/\/encuentroinformativo.com.mx\/index.php?rest_route=%2Fwp%2Fv2%2Ftags&post=37002"}],"curies":[{"name":"wp","href":"https:\/\/api.w.org\/{rel}","templated":true}]}}