{"id":37006,"date":"2023-02-20T11:30:39","date_gmt":"2023-02-20T17:30:39","guid":{"rendered":"https:\/\/encuentroinformativo.com.mx\/?p=37006"},"modified":"2023-02-20T11:30:43","modified_gmt":"2023-02-20T17:30:43","slug":"invitan-a-segunda-edicion-de-globos-gigantes-en-perote","status":"publish","type":"post","link":"https:\/\/encuentroinformativo.com.mx\/?p=37006","title":{"rendered":"Invitan a segunda edici\u00f3n de globos gigantes en Perote"},"content":{"rendered":"\n<p><strong>Israel Garc\u00eda <\/strong><\/p>\n\n\n\n<p>Xalapa, Ver.- El Presidente Municipal de Perote Delfino Ortega Mart\u00ednez estuvo en la capital del estado, para dar a conocer el primer evento tur\u00edstico que se efectuar\u00e1 sobre la Segunda edici\u00f3n de globos gigantes, los d\u00edas 25 y 26 de febrero. <\/p>\n\n\n\n<p>En entrevista explic\u00f3 que este tipo de eventos activan mucho la econom\u00eda de Perote, un espect\u00e1culo para toda la familia.<\/p>\n\n\n\n<p>&#8220;Nuestro municipio tiene lugares tur\u00edsticos,\u00a0 naturales y religiosos&#8221;. <\/p>\n\n\n\n<p>Por lo que dijo esperan una influencia de 6 mil personas y una derrama econ\u00f3mico de m\u00e1s de 4 millones de pesos.<\/p>\n\n\n\n<p>En otro tema a 2 a\u00f1os de la administraci\u00f3n municipal, se\u00f1al\u00f3 que como toda administraci\u00f3n ha habido reajustes de personal en diferentes \u00e1reas.<\/p>\n\n\n\n<p>Y aunque la &#8220;las econom\u00edas no son las mejores&#8221;, mencion\u00f3 que hoy tienen recursos propios y los que le manda la federaci\u00f3n; la plantilla laboral es de 450.<\/p>\n\n\n\n<p>El a\u00f1os pasado realizaron 92 obras p\u00fablicas en este a\u00f1o har\u00e1n m\u00e1s de 100, adem\u00e1s de que afirm\u00f3 los servicios municipales se llevan a las colonias y concreciones del municipio de Perote.<\/p>\n\n\n\n<p>El edil estuvo acompa\u00f1ado de la regidora Paola Robledo.<\/p>\n","protected":false},"excerpt":{"rendered":"<p>Israel Garc\u00eda Xalapa, Ver.- El Presidente Municipal de Perote Delfino Ortega Mart\u00ednez estuvo en la capital del estado, para dar a conocer el primer evento tur\u00edstico que se efectuar\u00e1 sobre la Segunda edici\u00f3n de globos gigantes, los d\u00edas 25 y 26 de febrero. En entrevista explic\u00f3 que este tipo de eventos activan mucho la econom\u00eda [&hellip;]<\/p>\n","protected":false},"author":2476,"featured_media":37007,"comment_status":"open","ping_status":"open","sticky":false,"template":"","format":"standard","meta":{"_jetpack_memberships_contains_paid_content":false,"footnotes":""},"categories":[8],"tags":[],"class_list":["post-37006","post","type-post","status-publish","format-standard","has-post-thumbnail","hentry","category-region"],"jetpack_featured_media_url":"https:\/\/encuentroinformativo.com.mx\/wp-content\/uploads\/2023\/02\/Photo_1676913418601.jpg","jetpack_sharing_enabled":true,"jetpack_likes_enabled":true,"amp_enabled":true,"_links":{"self":[{"href":"https:\/\/encuentroinformativo.com.mx\/index.php?rest_route=\/wp\/v2\/posts\/37006","targetHints":{"allow":["GET"]}}],"collection":[{"href":"https:\/\/encuentroinformativo.com.mx\/index.php?rest_route=\/wp\/v2\/posts"}],"about":[{"href":"https:\/\/encuentroinformativo.com.mx\/index.php?rest_route=\/wp\/v2\/types\/post"}],"author":[{"embeddable":true,"href":"https:\/\/encuentroinformativo.com.mx\/index.php?rest_route=\/wp\/v2\/users\/2476"}],"replies":[{"embeddable":true,"href":"https:\/\/encuentroinformativo.com.mx\/index.php?rest_route=%2Fwp%2Fv2%2Fcomments&post=37006"}],"version-history":[{"count":1,"href":"https:\/\/encuentroinformativo.com.mx\/index.php?rest_route=\/wp\/v2\/posts\/37006\/revisions"}],"predecessor-version":[{"id":37008,"href":"https:\/\/encuentroinformativo.com.mx\/index.php?rest_route=\/wp\/v2\/posts\/37006\/revisions\/37008"}],"wp:featuredmedia":[{"embeddable":true,"href":"https:\/\/encuentroinformativo.com.mx\/index.php?rest_route=\/wp\/v2\/media\/37007"}],"wp:attachment":[{"href":"https:\/\/encuentroinformativo.com.mx\/index.php?rest_route=%2Fwp%2Fv2%2Fmedia&parent=37006"}],"wp:term":[{"taxonomy":"category","embeddable":true,"href":"https:\/\/encuentroinformativo.com.mx\/index.php?rest_route=%2Fwp%2Fv2%2Fcategories&post=37006"},{"taxonomy":"post_tag","embeddable":true,"href":"https:\/\/encuentroinformativo.com.mx\/index.php?rest_route=%2Fwp%2Fv2%2Ftags&post=37006"}],"curies":[{"name":"wp","href":"https:\/\/api.w.org\/{rel}","templated":true}]}}