{"id":37013,"date":"2023-02-20T12:27:34","date_gmt":"2023-02-20T18:27:34","guid":{"rendered":"https:\/\/encuentroinformativo.com.mx\/?p=37013"},"modified":"2023-02-20T12:27:37","modified_gmt":"2023-02-20T18:27:37","slug":"tema-de-seguridad-no-debe-politizarse-afirma-delegado","status":"publish","type":"post","link":"https:\/\/encuentroinformativo.com.mx\/?p=37013","title":{"rendered":"Tema de seguridad no debe politizarse, afirma Delegado"},"content":{"rendered":"\n<p><strong>Dar\u00edo Pale <\/strong><\/p>\n\n\n\n<p>Xalapa, Ver.- El delegado federal de los programas de Bienestar, Manuel Huerta Ladr\u00f3n de Guevara dio a conocer que hay problemas en materia de seguridad, pero no se deben politizar, adem\u00e1s de que en Veracruz no hay ning\u00fan retroceso en materia de seguridad, lo que hay son &#8220;estigmas&#8221;.<\/p>\n\n\n\n<p>En conferencia de prensa se\u00f1al\u00f3 que, luego de los enfrentamientos en Medell\u00edn en donde un abogado plagiado result\u00f3 asesinado, as\u00ed como los feminicidios ocurridos en las \u00faltimas horas en Xalapa y el puerto de Veracruz; afirm\u00f3 que la situaci\u00f3n entre los sexenios anteriores y el actual, es distinta.<\/p>\n\n\n\n<p>&#8220;Hay problemas en materia de seguridad y se trabaja, pero tengan memoria, aqu\u00ed en Xalapa yo recuerdo que los j\u00f3venes no iban a salir de noche y hab\u00eda como un toque de queda en la ciudad y los pap\u00e1s ten\u00edan que ir por ellos&#8221;, se\u00f1al\u00f3.<\/p>\n\n\n\n<p>Dijo que recordar\u00e1n c\u00f3mo operaban los c\u00e1rteles de la droga, c\u00f3mo hab\u00eda aparici\u00f3n de fosas clandestinas y desparecidos, a lo cual se le dijo que todo eso sigue ocurriendo y respondi\u00f3 que es una anomia social.<\/p>\n\n\n\n<p>Insisti\u00f3 en que las autoridades siguen trabajando y, en lo que a \u00e9l le compete, la entrega de programas federales, con \u00e9stos se atacan las causas de los problemas.<\/p>\n\n\n\n<p>Finalmente lament\u00f3 el enfrentamiento en el que la familia de Fernando P\u00e9rez Vega, alias El Pino, perdi\u00f3 la vida, y fue ah\u00ed donde rechaz\u00f3 que se deban politizar los temas de seguridad.<\/p>\n","protected":false},"excerpt":{"rendered":"<p>Dar\u00edo Pale Xalapa, Ver.- El delegado federal de los programas de Bienestar, Manuel Huerta Ladr\u00f3n de Guevara dio a conocer que hay problemas en materia de seguridad, pero no se deben politizar, adem\u00e1s de que en Veracruz no hay ning\u00fan retroceso en materia de seguridad, lo que hay son &#8220;estigmas&#8221;. En conferencia de prensa se\u00f1al\u00f3 [&hellip;]<\/p>\n","protected":false},"author":2476,"featured_media":37014,"comment_status":"open","ping_status":"open","sticky":false,"template":"","format":"standard","meta":{"_jetpack_memberships_contains_paid_content":false,"footnotes":""},"categories":[2],"tags":[],"class_list":["post-37013","post","type-post","status-publish","format-standard","has-post-thumbnail","hentry","category-estado"],"jetpack_featured_media_url":"https:\/\/encuentroinformativo.com.mx\/wp-content\/uploads\/2023\/02\/IMG-20230220-WA00342.jpg","jetpack_sharing_enabled":true,"jetpack_likes_enabled":true,"amp_enabled":true,"_links":{"self":[{"href":"https:\/\/encuentroinformativo.com.mx\/index.php?rest_route=\/wp\/v2\/posts\/37013","targetHints":{"allow":["GET"]}}],"collection":[{"href":"https:\/\/encuentroinformativo.com.mx\/index.php?rest_route=\/wp\/v2\/posts"}],"about":[{"href":"https:\/\/encuentroinformativo.com.mx\/index.php?rest_route=\/wp\/v2\/types\/post"}],"author":[{"embeddable":true,"href":"https:\/\/encuentroinformativo.com.mx\/index.php?rest_route=\/wp\/v2\/users\/2476"}],"replies":[{"embeddable":true,"href":"https:\/\/encuentroinformativo.com.mx\/index.php?rest_route=%2Fwp%2Fv2%2Fcomments&post=37013"}],"version-history":[{"count":1,"href":"https:\/\/encuentroinformativo.com.mx\/index.php?rest_route=\/wp\/v2\/posts\/37013\/revisions"}],"predecessor-version":[{"id":37015,"href":"https:\/\/encuentroinformativo.com.mx\/index.php?rest_route=\/wp\/v2\/posts\/37013\/revisions\/37015"}],"wp:featuredmedia":[{"embeddable":true,"href":"https:\/\/encuentroinformativo.com.mx\/index.php?rest_route=\/wp\/v2\/media\/37014"}],"wp:attachment":[{"href":"https:\/\/encuentroinformativo.com.mx\/index.php?rest_route=%2Fwp%2Fv2%2Fmedia&parent=37013"}],"wp:term":[{"taxonomy":"category","embeddable":true,"href":"https:\/\/encuentroinformativo.com.mx\/index.php?rest_route=%2Fwp%2Fv2%2Fcategories&post=37013"},{"taxonomy":"post_tag","embeddable":true,"href":"https:\/\/encuentroinformativo.com.mx\/index.php?rest_route=%2Fwp%2Fv2%2Ftags&post=37013"}],"curies":[{"name":"wp","href":"https:\/\/api.w.org\/{rel}","templated":true}]}}