{"id":37016,"date":"2023-02-20T13:24:47","date_gmt":"2023-02-20T19:24:47","guid":{"rendered":"https:\/\/encuentroinformativo.com.mx\/?p=37016"},"modified":"2023-02-20T13:24:50","modified_gmt":"2023-02-20T19:24:50","slug":"en-san-julian-productores-retiran-jaulas-flotantes-ante-falta-de-dragado","status":"publish","type":"post","link":"https:\/\/encuentroinformativo.com.mx\/?p=37016","title":{"rendered":"En San Juli\u00e1n productores retiran jaulas flotantes ante falta de dragado"},"content":{"rendered":"\n<p><strong>Alejandro \u00c1vila<\/strong><\/p>\n\n\n\n<p>Veracruz, Ver.- La desaparici\u00f3n del Fondo Ambiental Veracruzano durante la actual administraci\u00f3n estatal, ha provocado severos problemas para los productores primarios de San Juli\u00e1n, quienes se ven afectados ante la falta de dragado de la laguna, se\u00f1al\u00f3 la diputada local, Ver\u00f3nica Pulido Herrera.<\/p>\n\n\n\n<p>La legisladora panista record\u00f3 que en abril del 2022 el gobernador Cuitl\u00e1huac Garc\u00eda Jim\u00e9nez se comprometi\u00f3 a enviar bi\u00f3logos y presentar un plan de remediaci\u00f3n para la laguna de San Juli\u00e1n, sin que hasta el momento este se haya realizado, por lo cual hizo un exhorto al Gobierno del Estado para que atienda esta situaci\u00f3n que afecta a toda la zona rural del municipio Veracruz.<\/p>\n\n\n\n<p>&#8220;Aqu\u00ed con la falta del dragado y del trabajo de diferentes dependencias en esta laguna de San Juli\u00e1n, pues los m\u00e1s afectados son los productores primarios, quienes sabemos que con la pandemia la situaci\u00f3n de la crisis econ\u00f3mica aunado a esto, no se han recuperado&#8221;, destac\u00f3 la legisladora del PAN.<\/p>\n\n\n\n<p>Por su parte Agust\u00edn Ruiz Mendez, Comisario Ejidal de San Juli\u00e1n se\u00f1al\u00f3 que, la falta de dragado en la laguna ha provocado que los pescadores retiren sus jaulas flotantes del cuerpo de agua y con ello se han visto afectadas en su econom\u00eda decenas de familias.<\/p>\n\n\n\n<p>&#8220;La laguna est\u00e1 llena de lodo, es lodo lo que tiene, la mitad de agua y la mitad de lodo, y ahorita el a\u00f1o pasado a la laguna le quedaron 20 cent\u00edmetros de agua a toda la laguna, despu\u00e9s de tener 2 metros baj\u00f3 a 20 cent\u00edmetros, el gobernador se dio cuenta porque \u00e9l fue y la vio con sus propios ojos, entonces tuvimos que sacar nosotros las jaulas que ten\u00edamos en la laguna, entonces tuvimos que sacar nosotros las jaulas que ten\u00edamos en la laguna flotantes, y el pescado se muri\u00f3 todo, porque la laguna estaba\u2026 ya el pescado no pod\u00eda sobrevivir ah\u00ed en 20 cent\u00edmetros de agua (\u2026) para la cr\u00eda de mojarra, para engorda, ya eso muri\u00f3, ahorita est\u00e1n haciendo unos corrales pero afuera, ya en tierra&#8221;, subray\u00f3 el poblador de San Juli\u00e1n.<\/p>\n\n\n\n<p>Para el 2023, el Congreso de Veracruz le autoriz\u00f3 a la Secretar\u00eda de Medio Ambiente un presupuesto de 217,874,025.00; mientras que la Procuradur\u00eda de Medio, un total de 515,283,090.00; y ante lo cual, la diputada local, Ver\u00f3nica Pulido Herrera exige que se aplique alg\u00fan recurso en la laguna de San Juli\u00e1n y el resto del Sistema Lagunar Interdinario de Veracruz.<\/p>\n","protected":false},"excerpt":{"rendered":"<p>Alejandro \u00c1vila Veracruz, Ver.- La desaparici\u00f3n del Fondo Ambiental Veracruzano durante la actual administraci\u00f3n estatal, ha provocado severos problemas para los productores primarios de San Juli\u00e1n, quienes se ven afectados ante la falta de dragado de la laguna, se\u00f1al\u00f3 la diputada local, Ver\u00f3nica Pulido Herrera. La legisladora panista record\u00f3 que en abril del 2022 el [&hellip;]<\/p>\n","protected":false},"author":2476,"featured_media":37017,"comment_status":"open","ping_status":"open","sticky":false,"template":"","format":"standard","meta":{"_jetpack_memberships_contains_paid_content":false,"footnotes":""},"categories":[2],"tags":[],"class_list":["post-37016","post","type-post","status-publish","format-standard","has-post-thumbnail","hentry","category-estado"],"jetpack_featured_media_url":"https:\/\/encuentroinformativo.com.mx\/wp-content\/uploads\/2023\/02\/IMG-20230220-WA0058.jpg","jetpack_sharing_enabled":true,"jetpack_likes_enabled":true,"amp_enabled":true,"_links":{"self":[{"href":"https:\/\/encuentroinformativo.com.mx\/index.php?rest_route=\/wp\/v2\/posts\/37016","targetHints":{"allow":["GET"]}}],"collection":[{"href":"https:\/\/encuentroinformativo.com.mx\/index.php?rest_route=\/wp\/v2\/posts"}],"about":[{"href":"https:\/\/encuentroinformativo.com.mx\/index.php?rest_route=\/wp\/v2\/types\/post"}],"author":[{"embeddable":true,"href":"https:\/\/encuentroinformativo.com.mx\/index.php?rest_route=\/wp\/v2\/users\/2476"}],"replies":[{"embeddable":true,"href":"https:\/\/encuentroinformativo.com.mx\/index.php?rest_route=%2Fwp%2Fv2%2Fcomments&post=37016"}],"version-history":[{"count":1,"href":"https:\/\/encuentroinformativo.com.mx\/index.php?rest_route=\/wp\/v2\/posts\/37016\/revisions"}],"predecessor-version":[{"id":37018,"href":"https:\/\/encuentroinformativo.com.mx\/index.php?rest_route=\/wp\/v2\/posts\/37016\/revisions\/37018"}],"wp:featuredmedia":[{"embeddable":true,"href":"https:\/\/encuentroinformativo.com.mx\/index.php?rest_route=\/wp\/v2\/media\/37017"}],"wp:attachment":[{"href":"https:\/\/encuentroinformativo.com.mx\/index.php?rest_route=%2Fwp%2Fv2%2Fmedia&parent=37016"}],"wp:term":[{"taxonomy":"category","embeddable":true,"href":"https:\/\/encuentroinformativo.com.mx\/index.php?rest_route=%2Fwp%2Fv2%2Fcategories&post=37016"},{"taxonomy":"post_tag","embeddable":true,"href":"https:\/\/encuentroinformativo.com.mx\/index.php?rest_route=%2Fwp%2Fv2%2Ftags&post=37016"}],"curies":[{"name":"wp","href":"https:\/\/api.w.org\/{rel}","templated":true}]}}