{"id":37019,"date":"2023-02-20T13:50:20","date_gmt":"2023-02-20T19:50:20","guid":{"rendered":"https:\/\/encuentroinformativo.com.mx\/?p=37019"},"modified":"2023-02-20T13:50:23","modified_gmt":"2023-02-20T19:50:23","slug":"en-defensa-del-ine-surge-ver-por-veracruz","status":"publish","type":"post","link":"https:\/\/encuentroinformativo.com.mx\/?p=37019","title":{"rendered":"En defensa del INE, surge &#8220;Ver por Veracruz&#8221;"},"content":{"rendered":"\n<p><strong>Dar\u00edo Pale <\/strong><\/p>\n\n\n\n<p>Xalapa, Ver.- Presentan colectivo apartidista, pero no apol\u00edtico integrado por actores como Ra\u00fal Arias, Am\u00e9rico Z\u00fa\u00f1iga, Antonio Nemi, entre otros, se unen para defender al Instituto Nacional Electoral (INE), y frenar la destrucci\u00f3n del pa\u00eds.<\/p>\n\n\n\n<p>Debido a que hay la firme intenci\u00f3n de desaparecer a varias instituciones como el INE, evitar que siga creciendo la cifra de m\u00e1s de 3.8 millones de nuevos pobres en el pa\u00eds, con base en cifras del Coneval, entre otros; un grupo de ciudadanos se une para defender al Estado y al pa\u00eds.\u00a0<\/p>\n\n\n\n<p>Este lunes, personajes de la vida p\u00fablica como exfuncionarios, excandidatos, acad\u00e9micos, integrantes de colectivos de la sociedad civil organizada, informaron que luchar\u00e1n por diversas causas como la defensa del INE, el medio ambiente, entre muchos otros.<\/p>\n\n\n\n<p>Al presentar a la nueva organizaci\u00f3n &#8220;Ver por Veracruz&#8221;, en la que participan Jorge Flores vocero del colectivo; el exrector de la Universidad Veracruzana, Ra\u00fal Arias; el exalcalde de Xalapa, Am\u00e9rico Z\u00fa\u00f1iga; el exsecretario de Salud, Juan Antonio Nemi Dib; el empresario Carlos Luna, entre muchos otros, explicaron que es un colectivo apartidista, pero no apol\u00edtico.<\/p>\n\n\n\n<p>Ra\u00fal Arias expres\u00f3 que es momento de decir basta a las ocurrencias a la hora de gobernar, ya es hora de frenar la capacidad de destrucci\u00f3n al Pa\u00eds.<\/p>\n\n\n\n<p>&#8220;Hay que poner un alto, nuestros nietos, hijos y nosotros mismos no nos lo vamos a perdonar. Por qu\u00e9 destruir al INE, porque hay un gobierno que no ha dado resultados, es un completo fracaso en los proyectos que ha impulsado, si fuera un \u00e9xito, no tendr\u00eda necesidad de atentar contra el INE&#8221;, se\u00f1al\u00f3.<\/p>\n\n\n\n<p>Por su parte, Am\u00e9rico Z\u00fa\u00f1iga, asever\u00f3 que el colectivo hace a un lado sus diferencias para defender a las instituciones como el \u00f3rgano electoral y es que una gran coincidencia de los que integran el movimiento es la lucha para detener el deterioro institucional que existe y no se contin\u00fae con la destrucci\u00f3n a modo de alguien que detesta la participaci\u00f3n, que detesta las reglas institucionales y que hace cada vez m\u00e1s fr\u00e1gil el Estado de Derecho.<\/p>\n\n\n\n<p>&#8220;Aqu\u00ed estamos todos unificando esfuerzos para que con nuestras aportaciones luchar con una fuerza que realmente represente un alto a estas aspiraciones de destrozar las instituciones&#8221;, coment\u00f3.<\/p>\n\n\n\n<p>En su momento, Mart\u00edn Quitano, del colectivo Coatepec, explic\u00f3 que una de las primeras acciones que har\u00e1n es convocar a la gente a la marcha en defensa del INE el pr\u00f3ximo 26 de febrero.<\/p>\n\n\n\n<p>Sostuvo que tambi\u00e9n buscan incidir en el desarrollo de planteamientos para mejorar las pol\u00edticas p\u00fablicas y construir una mejor democracia&#8221;, a\u00f1adi\u00f3.<\/p>\n\n\n\n<p>Record\u00f3 que el actual gobierno prometi\u00f3 que habr\u00eda menos pobres, pero las cifras oficiales, del Coneval, revelan que hay 3.8 millones m\u00e1s de pobres en el pa\u00eds cuando una de las banderas fundamentales del discurso es que este gobierno ser\u00eda &#8220;primero los pobres&#8221;.<\/p>\n\n\n\n<p>En tanto que Juan Antonio Nemi Dib, manifest\u00f3 que a pesar de la crisis severa de los partidos pol\u00edticos, son necesarios, incluso son considerados como entidades de inter\u00e9s p\u00fablico, reciben recursos y se les considera parte esencial del sistema de pesos y contrapesos.<\/p>\n\n\n\n<p>&#8220;Esta iniciativa no trata de sustituir a los partidos, no buscamos el poder p\u00fablico. No estamos reunidos para buscar apoyar a alg\u00fan candidato o partido o causa particular, todo lo contrario, lo que intentamos es sumar esfuerzos, voluntades&#8221;, coment\u00f3.<\/p>\n\n\n\n<p>Finalmente aclar\u00f3 que si no apoyan a nadie, tampoco est\u00e1n en contra de ning\u00fan proyecto como el de Morena o el del presidente Andr\u00e9s Manuel o del gobernador Cuitl\u00e1huac Garc\u00eda.<\/p>\n","protected":false},"excerpt":{"rendered":"<p>Dar\u00edo Pale Xalapa, Ver.- Presentan colectivo apartidista, pero no apol\u00edtico integrado por actores como Ra\u00fal Arias, Am\u00e9rico Z\u00fa\u00f1iga, Antonio Nemi, entre otros, se unen para defender al Instituto Nacional Electoral (INE), y frenar la destrucci\u00f3n del pa\u00eds. Debido a que hay la firme intenci\u00f3n de desaparecer a varias instituciones como el INE, evitar que siga [&hellip;]<\/p>\n","protected":false},"author":2476,"featured_media":37020,"comment_status":"open","ping_status":"open","sticky":false,"template":"","format":"standard","meta":{"_jetpack_memberships_contains_paid_content":false,"footnotes":""},"categories":[2],"tags":[],"class_list":["post-37019","post","type-post","status-publish","format-standard","has-post-thumbnail","hentry","category-estado"],"jetpack_featured_media_url":"https:\/\/encuentroinformativo.com.mx\/wp-content\/uploads\/2023\/02\/IMG-20230220-WA0054.jpg","jetpack_sharing_enabled":true,"jetpack_likes_enabled":true,"amp_enabled":true,"_links":{"self":[{"href":"https:\/\/encuentroinformativo.com.mx\/index.php?rest_route=\/wp\/v2\/posts\/37019","targetHints":{"allow":["GET"]}}],"collection":[{"href":"https:\/\/encuentroinformativo.com.mx\/index.php?rest_route=\/wp\/v2\/posts"}],"about":[{"href":"https:\/\/encuentroinformativo.com.mx\/index.php?rest_route=\/wp\/v2\/types\/post"}],"author":[{"embeddable":true,"href":"https:\/\/encuentroinformativo.com.mx\/index.php?rest_route=\/wp\/v2\/users\/2476"}],"replies":[{"embeddable":true,"href":"https:\/\/encuentroinformativo.com.mx\/index.php?rest_route=%2Fwp%2Fv2%2Fcomments&post=37019"}],"version-history":[{"count":1,"href":"https:\/\/encuentroinformativo.com.mx\/index.php?rest_route=\/wp\/v2\/posts\/37019\/revisions"}],"predecessor-version":[{"id":37021,"href":"https:\/\/encuentroinformativo.com.mx\/index.php?rest_route=\/wp\/v2\/posts\/37019\/revisions\/37021"}],"wp:featuredmedia":[{"embeddable":true,"href":"https:\/\/encuentroinformativo.com.mx\/index.php?rest_route=\/wp\/v2\/media\/37020"}],"wp:attachment":[{"href":"https:\/\/encuentroinformativo.com.mx\/index.php?rest_route=%2Fwp%2Fv2%2Fmedia&parent=37019"}],"wp:term":[{"taxonomy":"category","embeddable":true,"href":"https:\/\/encuentroinformativo.com.mx\/index.php?rest_route=%2Fwp%2Fv2%2Fcategories&post=37019"},{"taxonomy":"post_tag","embeddable":true,"href":"https:\/\/encuentroinformativo.com.mx\/index.php?rest_route=%2Fwp%2Fv2%2Ftags&post=37019"}],"curies":[{"name":"wp","href":"https:\/\/api.w.org\/{rel}","templated":true}]}}