{"id":37028,"date":"2023-02-20T11:18:15","date_gmt":"2023-02-20T17:18:15","guid":{"rendered":"https:\/\/encuentroinformativo.com.mx\/?p=37028"},"modified":"2023-02-20T14:21:45","modified_gmt":"2023-02-20T20:21:45","slug":"presentara-ayuntamiento-porteno-proyecto-de-remodelacion-de-centro-historico","status":"publish","type":"post","link":"https:\/\/encuentroinformativo.com.mx\/?p=37028","title":{"rendered":"Presentar\u00e1 Ayuntamiento porte\u00f1o proyecto de remodelaci\u00f3n de Centro Hist\u00f3rico"},"content":{"rendered":"\n<p><strong>Alejandro \u00c1vila<\/strong><\/p>\n\n\n\n<p>Veracruz, Ver.- Este lunes el Ayuntamiento de Veracruz presentar\u00e1 ante el Instituto Nacional de Antropolog\u00eda e Historia (INAH) y el Consejo de Monumentos Hist\u00f3ricos, el proyecto de remodelaci\u00f3n del Centro Hist\u00f3rico de Veracruz.<\/p>\n\n\n\n<p>En entrevista en el aeropuerto de Veracruz, previo abordar su vuelo, la alcaldesa, Patricia Lobeira Rodr\u00edguez mencion\u00f3 que, el proyecto contempla mejores vialidades, mejores banquetas, luminaria nueva y embellecimiento a los espacios p\u00fablicos con mobiliario nuevo en cada uno de ellos.<\/p>\n\n\n\n<p>&#8220;Es un proyecto integral, siempre nuestros proyectos son integrales y de la mejor calidad (\u2026) es una propuesta, no todo Independencia, algunas zonas de la avenida Independencia se estar\u00edan peatonalizando, todav\u00eda no estamos seguros de cuaes pero s\u00ed lo estamos analizando, ser\u00eda cuesti\u00f3n de reunirnos con los empresarios de esta zona y ver con ellos y con los comerciantes s\u00ed consideran que eso es algo viable y mejorar\u00eda el tr\u00e1fico en sus comercios&#8221;, destac\u00f3.<\/p>\n\n\n\n<p>La edil panista puntualiz\u00f3 que, los recursos para estas obras ser\u00edan totalmente municipales; en caso de ser aprobado el proyecto, se iniciar\u00edan con los trabajos este a\u00f1o y los dos restantes de su administraci\u00f3n.<\/p>\n\n\n\n<p>En otro tema, la presidenta municipal de Veracruz dijo que de haberse realizado el Carnaval de Veracruz en estas fechas, se habr\u00edan tenido que cancelar casi todos los eventos, debido a las fuertes rachas de vientos del norte que se presentaron por el Frente Fr\u00edo n\u00famero 33.<\/p>\n\n\n\n<p>&#8220;Hubiera sido una cancelaci\u00f3n pr\u00e1cticamente total, fue un acierto mover el carnaval de nuevo a julio, se hubiera tenido que cancelar del jueves la Quema del Mal Humor, el viernes la coronaci\u00f3n, el s\u00e1bado los dos paseos, y el domingo ya hubi\u00e9ramos tenido alg\u00fan paseo pero los turistas no hubieran venido como normalmente vienen y hubiera la gente perdido mucho dinero, sobre todo los que se dedican a las gradas, la gente como los taxistas, los hoteleros, los comercios, los restauranteros y tambi\u00e9n nosotros, la inversi\u00f3n que se hace sobre todo en los conciertos masivos, se hubiera perdido totalmente&#8221;, remat\u00f3.<\/p>\n","protected":false},"excerpt":{"rendered":"<p>Alejandro \u00c1vila Veracruz, Ver.- Este lunes el Ayuntamiento de Veracruz presentar\u00e1 ante el Instituto Nacional de Antropolog\u00eda e Historia (INAH) y el Consejo de Monumentos Hist\u00f3ricos, el proyecto de remodelaci\u00f3n del Centro Hist\u00f3rico de Veracruz. En entrevista en el aeropuerto de Veracruz, previo abordar su vuelo, la alcaldesa, Patricia Lobeira Rodr\u00edguez mencion\u00f3 que, el proyecto [&hellip;]<\/p>\n","protected":false},"author":2476,"featured_media":37029,"comment_status":"open","ping_status":"open","sticky":false,"template":"","format":"standard","meta":{"_jetpack_memberships_contains_paid_content":false,"footnotes":""},"categories":[2],"tags":[],"class_list":["post-37028","post","type-post","status-publish","format-standard","has-post-thumbnail","hentry","category-estado"],"jetpack_featured_media_url":"https:\/\/encuentroinformativo.com.mx\/wp-content\/uploads\/2023\/02\/IMG-20230220-WA0086.jpg","jetpack_sharing_enabled":true,"jetpack_likes_enabled":true,"amp_enabled":true,"_links":{"self":[{"href":"https:\/\/encuentroinformativo.com.mx\/index.php?rest_route=\/wp\/v2\/posts\/37028","targetHints":{"allow":["GET"]}}],"collection":[{"href":"https:\/\/encuentroinformativo.com.mx\/index.php?rest_route=\/wp\/v2\/posts"}],"about":[{"href":"https:\/\/encuentroinformativo.com.mx\/index.php?rest_route=\/wp\/v2\/types\/post"}],"author":[{"embeddable":true,"href":"https:\/\/encuentroinformativo.com.mx\/index.php?rest_route=\/wp\/v2\/users\/2476"}],"replies":[{"embeddable":true,"href":"https:\/\/encuentroinformativo.com.mx\/index.php?rest_route=%2Fwp%2Fv2%2Fcomments&post=37028"}],"version-history":[{"count":1,"href":"https:\/\/encuentroinformativo.com.mx\/index.php?rest_route=\/wp\/v2\/posts\/37028\/revisions"}],"predecessor-version":[{"id":37030,"href":"https:\/\/encuentroinformativo.com.mx\/index.php?rest_route=\/wp\/v2\/posts\/37028\/revisions\/37030"}],"wp:featuredmedia":[{"embeddable":true,"href":"https:\/\/encuentroinformativo.com.mx\/index.php?rest_route=\/wp\/v2\/media\/37029"}],"wp:attachment":[{"href":"https:\/\/encuentroinformativo.com.mx\/index.php?rest_route=%2Fwp%2Fv2%2Fmedia&parent=37028"}],"wp:term":[{"taxonomy":"category","embeddable":true,"href":"https:\/\/encuentroinformativo.com.mx\/index.php?rest_route=%2Fwp%2Fv2%2Fcategories&post=37028"},{"taxonomy":"post_tag","embeddable":true,"href":"https:\/\/encuentroinformativo.com.mx\/index.php?rest_route=%2Fwp%2Fv2%2Ftags&post=37028"}],"curies":[{"name":"wp","href":"https:\/\/api.w.org\/{rel}","templated":true}]}}