{"id":37038,"date":"2023-02-21T09:33:16","date_gmt":"2023-02-21T15:33:16","guid":{"rendered":"https:\/\/encuentroinformativo.com.mx\/?p=37038"},"modified":"2023-02-21T09:33:21","modified_gmt":"2023-02-21T15:33:21","slug":"ver-por-veracruz","status":"publish","type":"post","link":"https:\/\/encuentroinformativo.com.mx\/?p=37038","title":{"rendered":"VER POR VERACRUZ"},"content":{"rendered":"\n<p><strong>Los Pol\u00edticos<\/strong><\/p>\n\n\n\n<p><strong>Salvador Mu\u00f1oz<\/strong><\/p>\n\n\n\n<p>De arranque, la idea primaria de Ver por Veracruz en este momento, es defender la democracia \u00bfy c\u00f3mo? participando este pr\u00f3ximo domingo en la marcha que busca expresar el rechazo al Plan B del Presidente y por ende, la defensa del INE.<\/p>\n\n\n\n<p>En Ver por Veracruz hay ciudadanos que dejan a un lado sus diferencias, sus colores, sus siglas, sus partidos y que coinciden en puntos que a todos alarman: se vislumbra una \u201cemergencia nacional\u201d que muchos pueden enfocar desde lo econ\u00f3mico, en t\u00e9rminos de salud o inseguridad, y rayando en una \u201cguerra civil\u201d, que agregando decisiones gubernamentales, pueden poner en riesgo nuestra democracia.<\/p>\n\n\n\n<p>Caras conocidas en este conjunto de ciudadanos que se concentraron en la Estancia de los Tecajetes de Araucarias\u2026 un ex alcalde, ex funcionarios, ex candidatos a diversos cargos, rectores y ex rectores de universidades; empresarios de Xalapa, de Coatepec, de Poza Rica, por citar a los presentes; algunos personajes enfundados en partidos pol\u00edticos; otros, con participaci\u00f3n pol\u00edtica pero con car\u00e1cter ciudadano; organizaciones civiles que dejan en claro algo: no son \u201ccontreras\u201d por ser \u201ccontreras\u201d; no est\u00e1n en contra de un Gobierno, pero s\u00ed de algunas de sus propuestas y decisiones.<\/p>\n\n\n\n<p>Ah\u00ed entonces vemos a Alfredo Bielma, Mart\u00edn Quitano, Am\u00e9rico Z\u00fa\u00f1iga, Ra\u00fal Arias Lovillo, Carlos Luna Escudero y Carlos Luna G\u00f3mez, Juan Antonio Nem Dib, as\u00ed como los Flores: Jorge Flores Mart\u00ednez, Uriel Flores Aguayo y Donato Flores; Omar Z\u00fa\u00f1iga, Miguel \u00c1ngel Cabrera Gordillo, Neill Polanco, Yamil Ali, Mario Lozano J\u00e1uregui, Mart\u00edn Vizcarra, Diana Gonz\u00e1lez y Rodolfo Hern\u00e1ndez, entre otros.<\/p>\n\n\n\n<p>Algunos de ellos participaron en las respuestas, como Alfredo Bielma, quien record\u00f3 que all\u00e1 por el 2011, se conform\u00f3 Otero Ciudadano como una reacci\u00f3n al fidelato y la amenaza que se cern\u00eda con el \u201cContinuismo\u201d al lado de su sucesor\u2026 s\u00ed, acepta el \u201cMea Culpa\u201d&#8230; fueron puntuales cr\u00edticos de lo malo que se hizo en esos gobiernos pero reconoce que el ciudadano omiti\u00f3 actuar\u2026<\/p>\n\n\n\n<p>Am\u00e9rico Z\u00fa\u00f1iga, pri\u00edsta, ex alcalde, ex funcionario, ex diputado, pero en esta ocasi\u00f3n habla como ciudadano, ante la urgente necesidad de defender la democracia y ponerle un alto a la destrucci\u00f3n de instituciones, como la que ahora est\u00e1 en riesgo: el INE.<\/p>\n\n\n\n<p>Mart\u00edn Quitano utiliz\u00f3 una frase que en otras latitudes ya se ha escuchado, pero no por repetirla, pierde fuerza, al contrario, est\u00e1 m\u00e1s vigente que nunca: M\u00e9xico vive una \u201cemergencia nacional\u201d, idea que reforz\u00f3 Juan Antonio Nemi Dib agregando que en Veracruz, hay un talante de cat\u00e1strofe en temas como Seguridad, Salud y Justicia; se sobre-vive en un estado donde la violencia es cada vez m\u00e1s atroz y en t\u00e9rminos generales, se raya en algo cercano a una \u201cguerra civil\u201d: de buenos contra malos, de los arriba contra los de abajo, de pueblo bueno contra los traidores, enemigos, contrincantes u opositores.<\/p>\n\n\n\n<p>Nemi Dib precisa que Ver por Veracruz no es un movimiento anti-nada y ataja de inmediato que a diferencia de los partidos pol\u00edticos, que persiguen el Poder P\u00fablico, ellos est\u00e1n ajenos a ello y tampoco pretenden apoyar a siglas o personajes para tal fin\u2026<\/p>\n\n\n\n<p>Ver por Veracruz, pues, busca soluciones en conjunto y en consenso, m\u00e1s cuando un Gobierno, con sus propuestas y decisiones, amenaza a la democracia, con regresar a un 1988 donde \u201cse ca\u00edan los sistemas\u201d y las elecciones estaban a cargo del mismo Gobierno, como record\u00f3 Uriel Flores Aguayo\u2026<\/p>\n\n\n\n<p>Hay mucho camino por avanzar en Ver por Veracruz, pero este domingo quiere dar los primeros pasos, en la marcha por la Defensa del INE y expresar su rechazo al Plan B del Presidente\u2026<\/p>\n","protected":false},"excerpt":{"rendered":"<p>Los Pol\u00edticos Salvador Mu\u00f1oz De arranque, la idea primaria de Ver por Veracruz en este momento, es defender la democracia \u00bfy c\u00f3mo? participando este pr\u00f3ximo domingo en la marcha que busca expresar el rechazo al Plan B del Presidente y por ende, la defensa del INE. En Ver por Veracruz hay ciudadanos que dejan a [&hellip;]<\/p>\n","protected":false},"author":2476,"featured_media":387,"comment_status":"open","ping_status":"open","sticky":false,"template":"","format":"standard","meta":{"_jetpack_memberships_contains_paid_content":false,"footnotes":""},"categories":[11],"tags":[],"class_list":["post-37038","post","type-post","status-publish","format-standard","has-post-thumbnail","hentry","category-opinion"],"jetpack_featured_media_url":"https:\/\/encuentroinformativo.com.mx\/wp-content\/uploads\/2020\/03\/7CF8A22B-2764-47BE-8F7F-38FE9E5D6A2F.jpeg","jetpack_sharing_enabled":true,"jetpack_likes_enabled":true,"amp_enabled":true,"_links":{"self":[{"href":"https:\/\/encuentroinformativo.com.mx\/index.php?rest_route=\/wp\/v2\/posts\/37038","targetHints":{"allow":["GET"]}}],"collection":[{"href":"https:\/\/encuentroinformativo.com.mx\/index.php?rest_route=\/wp\/v2\/posts"}],"about":[{"href":"https:\/\/encuentroinformativo.com.mx\/index.php?rest_route=\/wp\/v2\/types\/post"}],"author":[{"embeddable":true,"href":"https:\/\/encuentroinformativo.com.mx\/index.php?rest_route=\/wp\/v2\/users\/2476"}],"replies":[{"embeddable":true,"href":"https:\/\/encuentroinformativo.com.mx\/index.php?rest_route=%2Fwp%2Fv2%2Fcomments&post=37038"}],"version-history":[{"count":1,"href":"https:\/\/encuentroinformativo.com.mx\/index.php?rest_route=\/wp\/v2\/posts\/37038\/revisions"}],"predecessor-version":[{"id":37039,"href":"https:\/\/encuentroinformativo.com.mx\/index.php?rest_route=\/wp\/v2\/posts\/37038\/revisions\/37039"}],"wp:featuredmedia":[{"embeddable":true,"href":"https:\/\/encuentroinformativo.com.mx\/index.php?rest_route=\/wp\/v2\/media\/387"}],"wp:attachment":[{"href":"https:\/\/encuentroinformativo.com.mx\/index.php?rest_route=%2Fwp%2Fv2%2Fmedia&parent=37038"}],"wp:term":[{"taxonomy":"category","embeddable":true,"href":"https:\/\/encuentroinformativo.com.mx\/index.php?rest_route=%2Fwp%2Fv2%2Fcategories&post=37038"},{"taxonomy":"post_tag","embeddable":true,"href":"https:\/\/encuentroinformativo.com.mx\/index.php?rest_route=%2Fwp%2Fv2%2Ftags&post=37038"}],"curies":[{"name":"wp","href":"https:\/\/api.w.org\/{rel}","templated":true}]}}