{"id":37043,"date":"2023-02-21T09:45:55","date_gmt":"2023-02-21T15:45:55","guid":{"rendered":"https:\/\/encuentroinformativo.com.mx\/?p=37043"},"modified":"2023-02-21T09:46:03","modified_gmt":"2023-02-21T15:46:03","slug":"participa-fotografa-veracruzana-en-campana-her-for-she","status":"publish","type":"post","link":"https:\/\/encuentroinformativo.com.mx\/?p=37043","title":{"rendered":"Participa fot\u00f3grafa veracruzana en campa\u00f1a &#8220;Her For She&#8221;"},"content":{"rendered":"\n<p><strong>Alejandro \u00c1vila<\/strong><\/p>\n\n\n\n<p>Veracruz, Ver.- La compa\u00f1\u00eda internacional de chocolates Hershey&#8217;s escogi\u00f3 a la fotoperiodista veracruzana, Victoria Razo, como una de las im\u00e1genes de las nuevas envolturas que se encuentran disponibles a la venta por la campa\u00f1a &#8220;Her For She&#8221;.<\/p>\n\n\n\n<p>La joven de apenas 26 a\u00f1os de edad ya ha representado a M\u00e9xico en el Latin American Photo Festival que se realiza anualmente en la ciudad de Nueva York en los Estados Unidos, donde en 2021 present\u00f3 su trabajo &#8220;Resilient&#8221;.<\/p>\n\n\n\n<p>La veracruzana comparti\u00f3 un mensaje en sus redes sociales donde se congratulaba de haber sido escogida en compa\u00f1\u00eda de otras 10 mujeres mexicanas.<\/p>\n\n\n\n<p>&#8220;Les comparto con mucha emoci\u00f3n que HERSHEY&#8217;S me invit\u00f3 este a\u00f1o a formar parte del movimiento #HerForShe, el cual busca dar visibilidad y reconocer mujeres mexicanas que a trav\u00e9s de su labor ayudan a otras mujeres. Este a\u00f1o somos 11 mujeres que Hershey&#8217;s eligi\u00f3, todas nos desarrollamos en diferentes ramas pero nos une un mismo prop\u00f3sito. \ud83d\udc9c&#8221;, public\u00f3.<\/p>\n\n\n\n<p>Las mujeres seleccionadas son (cuenta en redes sociales): @marielhawley, @ximbomb, @holasoyvioletta, @gigi_martinez_gracida, @womerang, @sofi_hidalgoe, @lacolmenadelabuelo, @tonitavquez, @grupomurlota, @sinibi.jipe, @_victoriarazo.<\/p>\n\n\n\n<p>La jarocha agreg\u00f3 en su publicaci\u00f3n, &#8220;t\u00fa tambi\u00e9n puedes sumarte al movimiento Her for She y poner en el reflector a esa mujer extraordinaria que a trav\u00e9s de su labor apoya a m\u00e1s mujeres. Ingresa a&nbsp;www.herforshe.mx&nbsp;y cu\u00e9ntanos su historia&#8221;.<\/p>\n\n\n\n<p>El sabor donde puedes encontrar la imagen de la veracruzana&nbsp; Victoria Razo es Cookies and Cream, y ya est\u00e1 a la venta en cadenas de supermercados de M\u00e9xico.<\/p>\n","protected":false},"excerpt":{"rendered":"<p>Alejandro \u00c1vila Veracruz, Ver.- La compa\u00f1\u00eda internacional de chocolates Hershey&#8217;s escogi\u00f3 a la fotoperiodista veracruzana, Victoria Razo, como una de las im\u00e1genes de las nuevas envolturas que se encuentran disponibles a la venta por la campa\u00f1a &#8220;Her For She&#8221;. La joven de apenas 26 a\u00f1os de edad ya ha representado a M\u00e9xico en el Latin [&hellip;]<\/p>\n","protected":false},"author":2476,"featured_media":37044,"comment_status":"open","ping_status":"open","sticky":false,"template":"","format":"standard","meta":{"_jetpack_memberships_contains_paid_content":false,"footnotes":""},"categories":[2],"tags":[],"class_list":["post-37043","post","type-post","status-publish","format-standard","has-post-thumbnail","hentry","category-estado"],"jetpack_featured_media_url":"https:\/\/encuentroinformativo.com.mx\/wp-content\/uploads\/2023\/02\/IMG-20230221-WA0012.jpg","jetpack_sharing_enabled":true,"jetpack_likes_enabled":true,"amp_enabled":true,"_links":{"self":[{"href":"https:\/\/encuentroinformativo.com.mx\/index.php?rest_route=\/wp\/v2\/posts\/37043","targetHints":{"allow":["GET"]}}],"collection":[{"href":"https:\/\/encuentroinformativo.com.mx\/index.php?rest_route=\/wp\/v2\/posts"}],"about":[{"href":"https:\/\/encuentroinformativo.com.mx\/index.php?rest_route=\/wp\/v2\/types\/post"}],"author":[{"embeddable":true,"href":"https:\/\/encuentroinformativo.com.mx\/index.php?rest_route=\/wp\/v2\/users\/2476"}],"replies":[{"embeddable":true,"href":"https:\/\/encuentroinformativo.com.mx\/index.php?rest_route=%2Fwp%2Fv2%2Fcomments&post=37043"}],"version-history":[{"count":1,"href":"https:\/\/encuentroinformativo.com.mx\/index.php?rest_route=\/wp\/v2\/posts\/37043\/revisions"}],"predecessor-version":[{"id":37045,"href":"https:\/\/encuentroinformativo.com.mx\/index.php?rest_route=\/wp\/v2\/posts\/37043\/revisions\/37045"}],"wp:featuredmedia":[{"embeddable":true,"href":"https:\/\/encuentroinformativo.com.mx\/index.php?rest_route=\/wp\/v2\/media\/37044"}],"wp:attachment":[{"href":"https:\/\/encuentroinformativo.com.mx\/index.php?rest_route=%2Fwp%2Fv2%2Fmedia&parent=37043"}],"wp:term":[{"taxonomy":"category","embeddable":true,"href":"https:\/\/encuentroinformativo.com.mx\/index.php?rest_route=%2Fwp%2Fv2%2Fcategories&post=37043"},{"taxonomy":"post_tag","embeddable":true,"href":"https:\/\/encuentroinformativo.com.mx\/index.php?rest_route=%2Fwp%2Fv2%2Ftags&post=37043"}],"curies":[{"name":"wp","href":"https:\/\/api.w.org\/{rel}","templated":true}]}}