{"id":37046,"date":"2023-02-21T09:49:47","date_gmt":"2023-02-21T15:49:47","guid":{"rendered":"https:\/\/encuentroinformativo.com.mx\/?p=37046"},"modified":"2023-02-21T09:49:51","modified_gmt":"2023-02-21T15:49:51","slug":"entonces-prevalece-el-uso-ludico-de-la-mota-sobre-derechos-de-terceros","status":"publish","type":"post","link":"https:\/\/encuentroinformativo.com.mx\/?p=37046","title":{"rendered":"\u00bfENTONCES PREVALECE EL \u201cUSO L\u00daDICO\u201d DE LA MOTA SOBRE DERECHOS DE TERCEROS?"},"content":{"rendered":"\n<p><strong>ColumnaSinNombre<br>@pablojair<\/strong><\/p>\n\n\n\n<ul class=\"wp-block-list\"><li>\u201cNo te metas con los robacarros\u201d.<\/li><li>Detienen a alcalde generador de violencia.<\/li><li>Nacionalizaci\u00f3n del litio: \u00bfhabr\u00e1 LP?.<\/li><li>Roc\u00edo Nahle podr\u00eda reclasificar tarifas.<\/li><\/ul>\n\n\n\n<p>Que dicen que en el caso de Celestino Rivera<br>podr\u00eda intervenir hasta la FGR<br>\u2014Chopenjawer<\/p>\n\n\n\n<p>La semana pasada, una amiga me preguntaba qu\u00e9 se pod\u00eda hacer con el caso de una pareja joven que rent\u00f3 atr\u00e1s de su casa y seguido les da por fumar marihuana, porque el humo y olor a petate quemado se sent\u00edan fuertes en su hogar (de esas viviendas tipo duplex, donde toda las casas de la manzana solo est\u00e1n divididas por bardas en los peque\u00f1os patios).<\/p>\n\n\n\n<p>Y s\u00ed, s\u00f3lo bastaba un ratito de pl\u00e1tica con caf\u00e9, y no tardaron en empezar a quemarle las patas al diablo\u2026 La neta, parec\u00eda mariguana de mala calidad porque apestaba m\u00e1s a zacate.<\/p>\n\n\n\n<p>El asunto es que s\u00ed era molesto no el olor, sino la manera en que entraba a la casa (donde hay ni\u00f1os y mascotas); hasta donde recuerdo, una persona s\u00ed se puede intoxicar con s\u00f3lo inhalar el humo que se emana; de la peste, pues cuando mucho nom\u00e1s afecta a la ropa del tendedero.<\/p>\n\n\n\n<p>Ante la curiosidad, decid\u00ed preguntarle a un funcionario de Seguridad P\u00fablica por el mentado WhatsApp\u2026<\/p>\n\n\n\n<p>\u2014\u00bfSe puede denunciar a alguien que est\u00e9 quemando mariguana en el patio trasero y cuyo humo llega al patio de la casa de atr\u00e1s? (Le pas\u00f3 direcci\u00f3n para que ubique c\u00f3mo son las casas)<br>\u2014Como tal puede denunciar aunque con los nuevos criterios de la SCJN (Suprema Corte de Justicia de la Naci\u00f3n) donde privilegian el libre desarrollo de la personalidad y que en ese sentido permiten el consumo de la marihuana con fines l\u00fadicos, siempre y cuando sea en el domicilio, tal vez no prospere mucho su acci\u00f3n.<br>\u2014Ok, gracias.<\/p>\n\n\n\n<p>Le digo a mi amiga: \u201cpues creo que al final de cuentas mejor cierra tus ventanas cuando a tus vecinos les d\u00e9 por echarse un churro, porque dicen en SSP que no va a prosperar\u201d.<\/p>\n\n\n\n<p>En la \u00faltima conferencia de prensa del gobernador desde Palacio de Gobierno, el mandatario estatal habl\u00f3 de la campa\u00f1a \u201cNo te la juegues con las drogas\u201d, campa\u00f1a permanente que tiene el estado para pedirle a los chavos que dejen de estarse metiendo madre y media al cuerpo. La campa\u00f1a la record\u00f3 porque precisamente la semana pasada se dio una tragedia donde una se\u00f1ora muy conocida en Xalapa fue secuestrada por un sobrino y c\u00f3mplices para conseguir dinero para droga, seg\u00fan lo expresado por el titular del Poder Ejecutivo.<\/p>\n\n\n\n<p>Mire, no es por minimizar una campa\u00f1a as\u00ed. De hecho, creo que muchos de mi generaci\u00f3n crecimos con campa\u00f1as en videojuegos o caricaturas para que no consumi\u00e9ramos drogas\u2026 \u00bfQui\u00e9n no recuerda el lema \u201cWINNERS DON\u2019T USE DRUGS\u201d en las maquinitas Arcade o la florecita \u00f1o\u00f1a de TvAzteca que cantaba un rap m\u00e1s \u00f1o\u00f1o que dec\u00eda \u201cVIVE SIN DROGAS\u201d?<\/p>\n\n\n\n<p>La verdad s\u00ed recuerdo que exist\u00eda una campa\u00f1a m\u00e1s de concientizaci\u00f3n en escuelas, en los medios masivos de comunicaci\u00f3n, pero como efecto de propaganda ya qued\u00f3 muy rebasado por las series televisivas, canciones o estilos de vida que vanaglorian la narcocultura en general.<\/p>\n\n\n\n<p>El asunto es que parece incongruente que mientras se le pida a la poblaci\u00f3n que diga no a las drogas (o que no se la juegue con ellas) prevalecen m\u00e1s los derechos de una persona por consumir marihuana para fines recreativos. O sea, con esa l\u00f3gica, tiene m\u00e1s derecho a divertirse una persona fumando mota afectando a sus vecinos, que una persona a la que le preocupa la pestilencia y el humo que se impregna por su casa, con riesgo de da\u00f1ar la salud de sus mascotas, hijos y ella misma.<\/p>\n\n\n\n<p>Hace unos d\u00edas, el presidente de Guatemala, Nayib Bukele, daba unas declaraciones pol\u00e9micas, pero muy atascadas de raz\u00f3n (en el contexto de la violencia que ha sufrido su pa\u00eds por las guerras de pandillas): que pareciera que los delincuentes o criminales tienen m\u00e1s derechos humanos que la gente honesta e inocente. Que se abocan m\u00e1s los que procuran justicia por defender a los primeros que a los segundos.<\/p>\n\n\n\n<p>Tampoco es que uno sea santurr\u00f3n. En mi caso me late m\u00e1s lo que hace los The Who en sus conciertos, donde piden en una pantallota que por favor no fumen de la que ataranta porque le hace da\u00f1o el humo a los pulmones de su cantante Roger Daltrey; que mejor prueben \u201cpastelitos m\u00e1gicos\u201d.<\/p>\n\n\n\n<p>Y es que el asunto de las drogas es ya quiz\u00e1s no pedirle a la gente que deje de consumirla. Finalmente todo mundo se mete lo que quiere y es un contexto m\u00e1s complejo: problemas familiares, pobreza, abandono, falta de oportunidades, incluso problemas de salud mental, etc., que no se van a resolver con un cartelito o un comercial en la tele.<\/p>\n\n\n\n<p>El asunto es quiz\u00e1s no abocarse a los que ya est\u00e1n inmersos, atascados en ese submundo, sino en cuidar a los que no lo est\u00e1n, a los que tambi\u00e9n tienen derechos de no ser afectados por el humo de lo \u201cl\u00fadico\u201d o por los t\u00edpicos vecinos que se alteran por andar \u201cloqueando\u201d.<\/p>\n\n\n\n<p>Si realmente se viviera en un estado de derecho, no le dar\u00edamos mucha raz\u00f3n al presidente guatemalteco; pero si realmente tuvi\u00e9semos otra visi\u00f3n sobre la mota, sabr\u00edamos que tiene m\u00e1s para crecer como negocio (textil, papelero, etc\u00e9tera) y no la andar\u00edamos quemando a lo bruto.<\/p>\n\n\n\n<p><strong>NOTA PARA PEGAR EN EL REFRI: <\/strong>Una vez me cont\u00f3 un jefe policiaco que dentro de las ense\u00f1anzas de lo que se aprende en la calle y no en la academia, estaba una regla no escrita de no meterse o involucrarse con las bandas de robacarros ni con narcotraficantes\u2026 El asunto era porque (adem\u00e1s de la participaci\u00f3n de pol\u00edticos, polic\u00edas o miembros del Ej\u00e9rcito) consideraban innecesario desatar una guerra en las calles. As\u00ed por a\u00f1os se mantuvieron intocables a estas bandas, creando toda una industria que hoy conocemos como delincuencia organizada, que tambi\u00e9n se diversific\u00f3 en el traslado de migrantes o hasta en el robo de ganado\u2026 Este lunes, el gobernador Cuitl\u00e1huac Garc\u00eda Jim\u00e9nez dio a conocer que la tr\u00e1gica muerte del conocido abogado Emilio Fuster tiene qu\u00e9 ver con que los asesinos pretend\u00edan robar su camioneta \u2014una Toyota Hilux color gris\u2014 y que le parec\u00eda muy raro que los delincuentes iban espec\u00edficamente por esa camioneta con esas caracter\u00edsticas y que intentaron vender en Puebla\u2026 El operativo para detener a dicha banda de plano se llev\u00f3 dos d\u00edas con intensas balaceras en la comunidad Paso del Toro (donde alguna vez hubo un delegado de la SSP que posteriormente fue acusado de proteger al narco), rompiendo con esa regla de que no deben meterse con los robacarros\u2026 Sin duda, las cosas han cambiado.<\/p>\n\n\n\n<p><strong>OTRA NOTA:<\/strong> Otro ejemplo de cambio en la procuraci\u00f3n de justicia: la Secretar\u00eda de Seguridad P\u00fablica (SSP), a trav\u00e9s de la Polic\u00eda Estatal, detuvo a dos personas por posesi\u00f3n ilegal de armas de fuego, delitos contra la salud y aseguraron un veh\u00edculo, en hechos registrados en dos colonias de C\u00f3rdoba. Una de estas personas fue intervenido en la calle 22 de la colonia Nuevo San Jos\u00e9, donde fue detenido Ricardo &#8220;N&#8221; a bordo de una camioneta Mazda gris con placas YTK490A; llevaba en el interior un arma larga, un arma corta, cargadores, cartuchos, cuatro chalecos t\u00e1cticos y un equipo de radiocomunicaci\u00f3n. Para sorpresa de la clase pol\u00edtica, result\u00f3 ser el alcalde de R\u00edo Blanco (cerca de Orizaba), a quien la SSP ya lo calific\u00f3 como generador de violencia.<\/p>\n\n\n\n<p><strong>OTRA NOTA EXTRA: <\/strong>Entre las curiosidades de la familia, hab\u00eda un disco de vinilo que conten\u00eda el discurso que dio el entonces presidente L\u00e1zaro C\u00e1rdenas del R\u00edo cuando expropi\u00f3 la industria petrolera en 1938, considerado uno de los momentos clave de M\u00e9xico y que ha trascendido hasta la actualidad (Pemex pr\u00e1cticamente ha sostenido a este pa\u00eds en todos los \u00e1mbitos, quit\u00e1ndole buena parte de sus ganancias)\u2026 El disco, sobra decirlo, pues para un chamaco era bastante tedioso aventarse todo un choro del michoacano, pero s\u00ed era un documento sonoro muy relevante sobre uno de los hechos m\u00e1s relevantes en la historia del pa\u00eds\u2026 Ahora que el presidente Andr\u00e9s Manuel L\u00f3pez Obrador nacionaliz\u00f3 el litio, tambi\u00e9n se vivi\u00f3 otro momento hist\u00f3rico, pero quiz\u00e1s pas\u00f3 desapercibido porque fue en fin de semana y lo hizo en Sonora, en lugar de Palacio Nacional, lo que hubiese merecido un evento de mayores dimensiones\u2026 \u00bfSer\u00e1 que al rato tambi\u00e9n sacan una versi\u00f3n de vinilo con el discurso de AMLO al respecto? Ya sabe, para los que somos muy vintage, pero ojal\u00e1 sea una versi\u00f3n reprise, por aquello de que habla lento y muy pausado.<\/p>\n\n\n\n<p><strong>LA \u00daLTIMA PORQUE TALACHA ADMINISTRATIVA EN CASA: Si<\/strong> lo logra, va a ser un verdadero hitazo\u2026 Y es que la secretaria de Energ\u00eda, Roc\u00edo Nahle Garc\u00eda, confirm\u00f3 s\u00ed se est\u00e1 revisando la reclasificaci\u00f3n de las tarifas el\u00e9ctricas en Veracruz\u2026 Que la zona que m\u00e1s solicitudes acumula ante la Comisi\u00f3n Federal de Electricidad (CFE) para la disminuci\u00f3n de tarifas es la conurbaci\u00f3n Veracruz-Boca del R\u00edo: \u201cS\u00ed, s\u00ed lo estamos revisando, estamos en zonas por ejemplo la zona de Veracruz y Boca del R\u00edo que es donde tenemos m\u00e1s solicitudes efectivamente\u201d, confirm\u00f3 en entrevista radiof\u00f3nica\u2026 De igual manera, coment\u00f3 que se est\u00e1 \u201cempujando\u201d para que sean las zonas marginadas del Estado sean de las m\u00e1s beneficiadas, as\u00ed como en otras entidades: \u201cYo no quiero hacer una menci\u00f3n porque eso le corresponde a la CFE pero s\u00ed estamos empujando en la CFE para que haya una reclasificaci\u00f3n sobre todo en las zonas marginadas donde el salario, la gente batalla m\u00e1s, en eso he hecho yo hincapi\u00e9 con la CFE para que hagamos un sacrificio; claro soy la Secretaria de Energ\u00eda y me dicen: \u2018oye Veracruz pero tambi\u00e9n queremos Campeche, pero tambi\u00e9n queremos Chiapas y as\u00ed tiene que ser en todo el pa\u00eds y estamos trabajando en ello\u201d\u2026 Por cierto, Coatzacoalcos, donde reside desde hace m\u00e1s de 30 a\u00f1os la tambi\u00e9n senadora con licencia, fue uno de los municipios donde hace a\u00f1os inici\u00f3 una lucha por la reclasificaci\u00f3n encabezada por el empresario Tony Williams; una protesta que gener\u00f3 mucho ruido a inicios de la d\u00e9cada del 2000.<\/p>\n","protected":false},"excerpt":{"rendered":"<p>ColumnaSinNombre@pablojair \u201cNo te metas con los robacarros\u201d. Detienen a alcalde generador de violencia. Nacionalizaci\u00f3n del litio: \u00bfhabr\u00e1 LP?. Roc\u00edo Nahle podr\u00eda reclasificar tarifas. Que dicen que en el caso de Celestino Riverapodr\u00eda intervenir hasta la FGR\u2014Chopenjawer La semana pasada, una amiga me preguntaba qu\u00e9 se pod\u00eda hacer con el caso de una pareja joven que [&hellip;]<\/p>\n","protected":false},"author":2476,"featured_media":488,"comment_status":"open","ping_status":"open","sticky":false,"template":"","format":"standard","meta":{"_jetpack_memberships_contains_paid_content":false,"footnotes":""},"categories":[11],"tags":[],"class_list":["post-37046","post","type-post","status-publish","format-standard","has-post-thumbnail","hentry","category-opinion"],"jetpack_featured_media_url":"https:\/\/encuentroinformativo.com.mx\/wp-content\/uploads\/2020\/03\/F471F608-BA1A-416B-BA7B-BCFB24F4E6D0.jpeg","jetpack_sharing_enabled":true,"jetpack_likes_enabled":true,"amp_enabled":true,"_links":{"self":[{"href":"https:\/\/encuentroinformativo.com.mx\/index.php?rest_route=\/wp\/v2\/posts\/37046","targetHints":{"allow":["GET"]}}],"collection":[{"href":"https:\/\/encuentroinformativo.com.mx\/index.php?rest_route=\/wp\/v2\/posts"}],"about":[{"href":"https:\/\/encuentroinformativo.com.mx\/index.php?rest_route=\/wp\/v2\/types\/post"}],"author":[{"embeddable":true,"href":"https:\/\/encuentroinformativo.com.mx\/index.php?rest_route=\/wp\/v2\/users\/2476"}],"replies":[{"embeddable":true,"href":"https:\/\/encuentroinformativo.com.mx\/index.php?rest_route=%2Fwp%2Fv2%2Fcomments&post=37046"}],"version-history":[{"count":1,"href":"https:\/\/encuentroinformativo.com.mx\/index.php?rest_route=\/wp\/v2\/posts\/37046\/revisions"}],"predecessor-version":[{"id":37047,"href":"https:\/\/encuentroinformativo.com.mx\/index.php?rest_route=\/wp\/v2\/posts\/37046\/revisions\/37047"}],"wp:featuredmedia":[{"embeddable":true,"href":"https:\/\/encuentroinformativo.com.mx\/index.php?rest_route=\/wp\/v2\/media\/488"}],"wp:attachment":[{"href":"https:\/\/encuentroinformativo.com.mx\/index.php?rest_route=%2Fwp%2Fv2%2Fmedia&parent=37046"}],"wp:term":[{"taxonomy":"category","embeddable":true,"href":"https:\/\/encuentroinformativo.com.mx\/index.php?rest_route=%2Fwp%2Fv2%2Fcategories&post=37046"},{"taxonomy":"post_tag","embeddable":true,"href":"https:\/\/encuentroinformativo.com.mx\/index.php?rest_route=%2Fwp%2Fv2%2Ftags&post=37046"}],"curies":[{"name":"wp","href":"https:\/\/api.w.org\/{rel}","templated":true}]}}