{"id":37051,"date":"2023-02-21T11:27:40","date_gmt":"2023-02-21T17:27:40","guid":{"rendered":"https:\/\/encuentroinformativo.com.mx\/?p=37051"},"modified":"2023-02-21T11:27:44","modified_gmt":"2023-02-21T17:27:44","slug":"por-robos-e-inseguridad-en-telesecundaria-protestan-en-calles-de-xalapa","status":"publish","type":"post","link":"https:\/\/encuentroinformativo.com.mx\/?p=37051","title":{"rendered":"Por robos e inseguridad en Telesecundaria, protestan en calles de Xalapa"},"content":{"rendered":"\n<p><strong>Israel Garc\u00eda <\/strong><\/p>\n\n\n\n<p>Xalapa, Ver.- De forma intermitente han sido cerradas las calles del primer cuadro de la ciudad de Xalapa, por la marcha de j\u00f3venes estudiantes de la telesecundaria &#8220;Jos\u00e9 Mar\u00eda Luis Mora&#8221;, que pertenecen a la FNERRR.<\/p>\n\n\n\n<p>Este martes 21 de febrero alumnas y alumnos acompa\u00f1ados de padres de familia y maestros, salieron a las calles para alzar la voz para que los escuchen las autoridades.<\/p>\n\n\n\n<p>Con cartulinas tienen escrito varias consignas, &#8220;No a la delincuencia a las escuelas&#8221;, &#8220;De camino a casa quiero ser libre no valiente&#8221;, &#8220;Protejan las escuelas, la FNERRRR no descansar\u00e1 hasta que haya soluci\u00f3n&#8221;, entre otro, y es que los inconformes denuncian escalada de violencia en las escuelas p\u00fablicas.<\/p>\n\n\n\n<figure class=\"wp-block-image size-large\"><img loading=\"lazy\" decoding=\"async\" width=\"1024\" height=\"576\" src=\"https:\/\/encuentroinformativo.com.mx\/wp-content\/uploads\/2023\/02\/Photo_1676998657265-1024x576.jpg\" alt=\"\" class=\"wp-image-37053\" srcset=\"https:\/\/encuentroinformativo.com.mx\/wp-content\/uploads\/2023\/02\/Photo_1676998657265-1024x576.jpg 1024w, https:\/\/encuentroinformativo.com.mx\/wp-content\/uploads\/2023\/02\/Photo_1676998657265-300x169.jpg 300w, https:\/\/encuentroinformativo.com.mx\/wp-content\/uploads\/2023\/02\/Photo_1676998657265-768x432.jpg 768w, https:\/\/encuentroinformativo.com.mx\/wp-content\/uploads\/2023\/02\/Photo_1676998657265.jpg 1280w\" sizes=\"auto, (max-width: 1024px) 100vw, 1024px\" \/><\/figure>\n\n\n\n<figure class=\"wp-block-image size-large\"><img loading=\"lazy\" decoding=\"async\" width=\"1024\" height=\"576\" src=\"https:\/\/encuentroinformativo.com.mx\/wp-content\/uploads\/2023\/02\/Photo_1676998620179-1024x576.jpg\" alt=\"\" class=\"wp-image-37054\" srcset=\"https:\/\/encuentroinformativo.com.mx\/wp-content\/uploads\/2023\/02\/Photo_1676998620179-1024x576.jpg 1024w, https:\/\/encuentroinformativo.com.mx\/wp-content\/uploads\/2023\/02\/Photo_1676998620179-300x169.jpg 300w, https:\/\/encuentroinformativo.com.mx\/wp-content\/uploads\/2023\/02\/Photo_1676998620179-768x432.jpg 768w, https:\/\/encuentroinformativo.com.mx\/wp-content\/uploads\/2023\/02\/Photo_1676998620179.jpg 1280w\" sizes=\"auto, (max-width: 1024px) 100vw, 1024px\" \/><\/figure>\n\n\n\n<p><\/p>\n","protected":false},"excerpt":{"rendered":"<p>Israel Garc\u00eda Xalapa, Ver.- De forma intermitente han sido cerradas las calles del primer cuadro de la ciudad de Xalapa, por la marcha de j\u00f3venes estudiantes de la telesecundaria &#8220;Jos\u00e9 Mar\u00eda Luis Mora&#8221;, que pertenecen a la FNERRR. Este martes 21 de febrero alumnas y alumnos acompa\u00f1ados de padres de familia y maestros, salieron a [&hellip;]<\/p>\n","protected":false},"author":2476,"featured_media":37052,"comment_status":"open","ping_status":"open","sticky":false,"template":"","format":"standard","meta":{"_jetpack_memberships_contains_paid_content":false,"footnotes":""},"categories":[3],"tags":[],"class_list":["post-37051","post","type-post","status-publish","format-standard","has-post-thumbnail","hentry","category-xalapa"],"jetpack_featured_media_url":"https:\/\/encuentroinformativo.com.mx\/wp-content\/uploads\/2023\/02\/Photo_1676998687252.jpg","jetpack_sharing_enabled":true,"jetpack_likes_enabled":true,"amp_enabled":true,"_links":{"self":[{"href":"https:\/\/encuentroinformativo.com.mx\/index.php?rest_route=\/wp\/v2\/posts\/37051","targetHints":{"allow":["GET"]}}],"collection":[{"href":"https:\/\/encuentroinformativo.com.mx\/index.php?rest_route=\/wp\/v2\/posts"}],"about":[{"href":"https:\/\/encuentroinformativo.com.mx\/index.php?rest_route=\/wp\/v2\/types\/post"}],"author":[{"embeddable":true,"href":"https:\/\/encuentroinformativo.com.mx\/index.php?rest_route=\/wp\/v2\/users\/2476"}],"replies":[{"embeddable":true,"href":"https:\/\/encuentroinformativo.com.mx\/index.php?rest_route=%2Fwp%2Fv2%2Fcomments&post=37051"}],"version-history":[{"count":1,"href":"https:\/\/encuentroinformativo.com.mx\/index.php?rest_route=\/wp\/v2\/posts\/37051\/revisions"}],"predecessor-version":[{"id":37055,"href":"https:\/\/encuentroinformativo.com.mx\/index.php?rest_route=\/wp\/v2\/posts\/37051\/revisions\/37055"}],"wp:featuredmedia":[{"embeddable":true,"href":"https:\/\/encuentroinformativo.com.mx\/index.php?rest_route=\/wp\/v2\/media\/37052"}],"wp:attachment":[{"href":"https:\/\/encuentroinformativo.com.mx\/index.php?rest_route=%2Fwp%2Fv2%2Fmedia&parent=37051"}],"wp:term":[{"taxonomy":"category","embeddable":true,"href":"https:\/\/encuentroinformativo.com.mx\/index.php?rest_route=%2Fwp%2Fv2%2Fcategories&post=37051"},{"taxonomy":"post_tag","embeddable":true,"href":"https:\/\/encuentroinformativo.com.mx\/index.php?rest_route=%2Fwp%2Fv2%2Ftags&post=37051"}],"curies":[{"name":"wp","href":"https:\/\/api.w.org\/{rel}","templated":true}]}}