{"id":37062,"date":"2023-02-21T13:27:33","date_gmt":"2023-02-21T19:27:33","guid":{"rendered":"https:\/\/encuentroinformativo.com.mx\/?p=37062"},"modified":"2023-02-21T13:27:36","modified_gmt":"2023-02-21T19:27:36","slug":"necesario-atender-de-forma-coordinada-tema-de-seguridad-pt","status":"publish","type":"post","link":"https:\/\/encuentroinformativo.com.mx\/?p=37062","title":{"rendered":"Necesario atender de forma coordinada tema de seguridad: PT"},"content":{"rendered":"\n<p><strong>Israel Garc\u00eda<\/strong><\/p>\n\n\n\n<p>Xalapa, Ver.- El Dirigente Estatal del Partido del Trabajo (PT) Vicente Aguilar Aguilar, y el Diputado Local Ram\u00f3n D\u00edaz \u00c1vila, dio lectura en su comunicado temas de la pol\u00edtica que acontece en el pa\u00eds y en el estado.<\/p>\n\n\n\n<p>En conferencia de prensa el l\u00edder partidista se\u00f1al\u00f3 que el PT est\u00e1 de acuerdo y lo han manifestado en otras ocasiones, para que los gobiernos estatal y federal trabajen de forma coordinada para atender el tema de la seguridad.<\/p>\n\n\n\n<p>Ante lo cual desestim\u00f3 los se\u00f1alamientos que han realizado panistas sobre la seguridad en el estado, pues record\u00f3 que ya fueron gobierno y no lograron los resultados que hab\u00edan ofrecido en la materia.<\/p>\n\n\n\n<p>Aguilar Aguilar mencion\u00f3 que aplaude que sea el consejo local a trav\u00e9s de la comisi\u00f3n de Vigilancia del Congreso Local para que revise todo lo relacionado, con el caso de los contratos asignados a la ciudadana Araly Rodr\u00edguez, y que participen tambi\u00e9n dentro de sus funciones el Organismo de Fiscalizaci\u00f3n Superior (ORFIS) para saber si realmente cumple con los requisitos exigidos por las leyes para ser proveedora de servicios como lo inform\u00f3 la Secretar\u00eda de Finanzas.<\/p>\n","protected":false},"excerpt":{"rendered":"<p>Israel Garc\u00eda Xalapa, Ver.- El Dirigente Estatal del Partido del Trabajo (PT) Vicente Aguilar Aguilar, y el Diputado Local Ram\u00f3n D\u00edaz \u00c1vila, dio lectura en su comunicado temas de la pol\u00edtica que acontece en el pa\u00eds y en el estado. En conferencia de prensa el l\u00edder partidista se\u00f1al\u00f3 que el PT est\u00e1 de acuerdo y [&hellip;]<\/p>\n","protected":false},"author":2476,"featured_media":37063,"comment_status":"open","ping_status":"open","sticky":false,"template":"","format":"standard","meta":{"_jetpack_memberships_contains_paid_content":false,"footnotes":""},"categories":[2],"tags":[],"class_list":["post-37062","post","type-post","status-publish","format-standard","has-post-thumbnail","hentry","category-estado"],"jetpack_featured_media_url":"https:\/\/encuentroinformativo.com.mx\/wp-content\/uploads\/2023\/02\/Photo_1677006170737.jpg","jetpack_sharing_enabled":true,"jetpack_likes_enabled":true,"amp_enabled":true,"_links":{"self":[{"href":"https:\/\/encuentroinformativo.com.mx\/index.php?rest_route=\/wp\/v2\/posts\/37062","targetHints":{"allow":["GET"]}}],"collection":[{"href":"https:\/\/encuentroinformativo.com.mx\/index.php?rest_route=\/wp\/v2\/posts"}],"about":[{"href":"https:\/\/encuentroinformativo.com.mx\/index.php?rest_route=\/wp\/v2\/types\/post"}],"author":[{"embeddable":true,"href":"https:\/\/encuentroinformativo.com.mx\/index.php?rest_route=\/wp\/v2\/users\/2476"}],"replies":[{"embeddable":true,"href":"https:\/\/encuentroinformativo.com.mx\/index.php?rest_route=%2Fwp%2Fv2%2Fcomments&post=37062"}],"version-history":[{"count":1,"href":"https:\/\/encuentroinformativo.com.mx\/index.php?rest_route=\/wp\/v2\/posts\/37062\/revisions"}],"predecessor-version":[{"id":37064,"href":"https:\/\/encuentroinformativo.com.mx\/index.php?rest_route=\/wp\/v2\/posts\/37062\/revisions\/37064"}],"wp:featuredmedia":[{"embeddable":true,"href":"https:\/\/encuentroinformativo.com.mx\/index.php?rest_route=\/wp\/v2\/media\/37063"}],"wp:attachment":[{"href":"https:\/\/encuentroinformativo.com.mx\/index.php?rest_route=%2Fwp%2Fv2%2Fmedia&parent=37062"}],"wp:term":[{"taxonomy":"category","embeddable":true,"href":"https:\/\/encuentroinformativo.com.mx\/index.php?rest_route=%2Fwp%2Fv2%2Fcategories&post=37062"},{"taxonomy":"post_tag","embeddable":true,"href":"https:\/\/encuentroinformativo.com.mx\/index.php?rest_route=%2Fwp%2Fv2%2Ftags&post=37062"}],"curies":[{"name":"wp","href":"https:\/\/api.w.org\/{rel}","templated":true}]}}