{"id":37070,"date":"2023-02-21T14:42:43","date_gmt":"2023-02-21T20:42:43","guid":{"rendered":"https:\/\/encuentroinformativo.com.mx\/?p=37070"},"modified":"2023-02-21T14:42:48","modified_gmt":"2023-02-21T20:42:48","slug":"acusan-malos-tratos-y-discursos-de-odio-en-contaduria-uv","status":"publish","type":"post","link":"https:\/\/encuentroinformativo.com.mx\/?p=37070","title":{"rendered":"Acusan malos tratos y discursos de odio en contadur\u00eda UV"},"content":{"rendered":"\n<p><strong>Juan Arcos <\/strong><\/p>\n\n\n\n<p>Xalapa, Ver.- Docentes de la Facultad de Contadur\u00eda y Administraci\u00f3n de la Universidad Veracruzana (UV), campus Xalapa, protestaron para denunciar malos tratos, faltas de respeto y discurso de odio por parte de una profesora.<\/p>\n\n\n\n<p>Se desat\u00f3 un conflicto en dicho plantel, donde un grupo de 13 profesores se plantaron afuera de la Direcci\u00f3n para apoyarla.<\/p>\n\n\n\n<p>Algunos de los inconformes acusaron de manera an\u00f3nima que se trata de una comunidad de m\u00e1s de 150 docentes, donde las quejas han sido constantes.<\/p>\n\n\n\n<p>Por tal motivo, se present\u00f3 un escrito contra contra la acad\u00e9mica y se procedi\u00f3 al levantamiento del acta circunstanciada, que corresponde a un procedimiento laboral.<\/p>\n\n\n\n<p>\u201cLos que defienden a la profesora enarbolan la libertad de expresi\u00f3n, pero como todo derecho, la libertad de expresi\u00f3n tiene sus l\u00edmites. Los l\u00edmites empiezan cuando se propaga el odio y se viola la dignidad de esa persona\u201d, a\u00f1adieron.<\/p>\n\n\n\n<p>Los quejosos no otorgaron sus nombres ni el de la catedr\u00e1tica se\u00f1alada para no afectar el debido proceso y as\u00ed evitar que ella pueda librar la sanci\u00f3n.<\/p>\n\n\n\n<p>Sin embargo, s\u00ed levantaron la voz para exigir al rector de la UV, Mart\u00edn Aguilar S\u00e1nchez, que se garanticen espacios universitarios libres de discurso de odio y un ambiente de respeto en el campus.<\/p>\n\n\n\n<p>Cabe mencionar que los elementos del Instituto de la Polic\u00eda Auxiliar y Protecci\u00f3n Patrimonial para el Estado de Veracruz (IPAX) que resguardan la Facultad de Contadur\u00eda pidieron sus nombres a los reporteros y recibieron instrucciones de autoridades universitarias para impedirles el acceso.<\/p>\n","protected":false},"excerpt":{"rendered":"<p>Juan Arcos Xalapa, Ver.- Docentes de la Facultad de Contadur\u00eda y Administraci\u00f3n de la Universidad Veracruzana (UV), campus Xalapa, protestaron para denunciar malos tratos, faltas de respeto y discurso de odio por parte de una profesora. Se desat\u00f3 un conflicto en dicho plantel, donde un grupo de 13 profesores se plantaron afuera de la Direcci\u00f3n [&hellip;]<\/p>\n","protected":false},"author":2476,"featured_media":37071,"comment_status":"open","ping_status":"open","sticky":false,"template":"","format":"standard","meta":{"_jetpack_memberships_contains_paid_content":false,"footnotes":""},"categories":[3],"tags":[],"class_list":["post-37070","post","type-post","status-publish","format-standard","has-post-thumbnail","hentry","category-xalapa"],"jetpack_featured_media_url":"https:\/\/encuentroinformativo.com.mx\/wp-content\/uploads\/2023\/02\/IMG_4037.jpg","jetpack_sharing_enabled":true,"jetpack_likes_enabled":true,"amp_enabled":true,"_links":{"self":[{"href":"https:\/\/encuentroinformativo.com.mx\/index.php?rest_route=\/wp\/v2\/posts\/37070","targetHints":{"allow":["GET"]}}],"collection":[{"href":"https:\/\/encuentroinformativo.com.mx\/index.php?rest_route=\/wp\/v2\/posts"}],"about":[{"href":"https:\/\/encuentroinformativo.com.mx\/index.php?rest_route=\/wp\/v2\/types\/post"}],"author":[{"embeddable":true,"href":"https:\/\/encuentroinformativo.com.mx\/index.php?rest_route=\/wp\/v2\/users\/2476"}],"replies":[{"embeddable":true,"href":"https:\/\/encuentroinformativo.com.mx\/index.php?rest_route=%2Fwp%2Fv2%2Fcomments&post=37070"}],"version-history":[{"count":1,"href":"https:\/\/encuentroinformativo.com.mx\/index.php?rest_route=\/wp\/v2\/posts\/37070\/revisions"}],"predecessor-version":[{"id":37072,"href":"https:\/\/encuentroinformativo.com.mx\/index.php?rest_route=\/wp\/v2\/posts\/37070\/revisions\/37072"}],"wp:featuredmedia":[{"embeddable":true,"href":"https:\/\/encuentroinformativo.com.mx\/index.php?rest_route=\/wp\/v2\/media\/37071"}],"wp:attachment":[{"href":"https:\/\/encuentroinformativo.com.mx\/index.php?rest_route=%2Fwp%2Fv2%2Fmedia&parent=37070"}],"wp:term":[{"taxonomy":"category","embeddable":true,"href":"https:\/\/encuentroinformativo.com.mx\/index.php?rest_route=%2Fwp%2Fv2%2Fcategories&post=37070"},{"taxonomy":"post_tag","embeddable":true,"href":"https:\/\/encuentroinformativo.com.mx\/index.php?rest_route=%2Fwp%2Fv2%2Ftags&post=37070"}],"curies":[{"name":"wp","href":"https:\/\/api.w.org\/{rel}","templated":true}]}}