{"id":37073,"date":"2023-02-21T14:54:23","date_gmt":"2023-02-21T20:54:23","guid":{"rendered":"https:\/\/encuentroinformativo.com.mx\/?p=37073"},"modified":"2023-02-21T14:54:27","modified_gmt":"2023-02-21T20:54:27","slug":"justifica-gobernador-portacion-de-armas-de-alcalde-de-rio-blanco","status":"publish","type":"post","link":"https:\/\/encuentroinformativo.com.mx\/?p=37073","title":{"rendered":"Justifica Gobernador portaci\u00f3n de armas de alcalde de R\u00edo Blanco"},"content":{"rendered":"\n<p><strong>Dar\u00edo Pale <\/strong><\/p>\n\n\n\n<p>Xalapa, Ver.- El gobernador del estado Cuitl\u00e1huac Garc\u00eda Jim\u00e9nez se\u00f1al\u00f3 que siempre no es generador de violencia el alcalde de R\u00edo Blanco, que fue detenido por portaci\u00f3n de armas, pues dijo que lo ha amenazado la delincuencia.<\/p>\n\n\n\n<p>En conferencia de prensa dijo que a pesar de que la Secretar\u00eda de Seguridad P\u00fablica boletin\u00f3 al alcalde de R\u00edo Blanco, Ricardo &#8220;N&#8221; como generador de violencia en la zona centro del Estado, este martes el gobernador, asegur\u00f3 que no es generador de violencia, fue detenido porque portaba armas en su veh\u00edculo.<\/p>\n\n\n\n<p>Incluso revel\u00f3 que ha recibido amenazas de la delincuencia organizada, por lo que justific\u00f3 de alguna manera que anduviera armado.<\/p>\n\n\n\n<p>Afirm\u00f3 que en su administraci\u00f3n no hay miramientos de colores partidistas, ya que cuando detienen a otros, de otros partidos, lo acusan de que se hace por venganza pol\u00edtica.<\/p>\n\n\n\n<p>&#8220;Est\u00e1 muy claro con esta acci\u00f3n, que no tenemos miramientos de colores partidistas en la aplicaci\u00f3n de le ley, pero quiero comentar que los alcaldes tienen atribuciones para instruir a su personal de su seguridad personal&#8221;, se\u00f1al\u00f3.<\/p>\n\n\n\n<p>El Ejecutivo dijo que el edil tendr\u00e1 que defenderse conforme a derecho, adem\u00e1s de que se le respetar\u00e1 la presunci\u00f3n de inocencia.<\/p>\n\n\n\n<p>Aprovech\u00f3 para enviarle un mensaje a los 211 alcaldes restantes del Estado para que cuenten con la licencia colectiva para la portaci\u00f3n de armas, ya que el Ej\u00e9rcito Mexicano puede observarlos.<\/p>\n\n\n\n<p>&#8220;Si se encuentra est\u00e1 situaci\u00f3n se pone a disposici\u00f3n de la Fiscal\u00eda General de la Rep\u00fablica y ah\u00ed \u00e9l que se defienda porque nos se\u00f1alan&#8221;, coment\u00f3.<\/p>\n\n\n\n<p>Garc\u00eda Jim\u00e9nez fue insistente en pedir a los alcaldes y alcaldesas que el personal de seguridad a su cargo y los polic\u00edas municipales tienen que cumplir con los lineamientos de la licencia colectiva para el uso de armamento.<\/p>\n\n\n\n<p>&#8220;\u00c9l tiene que aclarar, es alcalde, sabe y conoce y tiene a su cargo gente, puede tener abogados. No lo tenemos registrado como generador de violencia, no est\u00e1 dentro de un grupo delictivo, por el contrario, en R\u00edo Blanco y en esa zona los alcaldes est\u00e1n bajo una presi\u00f3n porque los grupos delictivos est\u00e1n sobre ellos&#8221;, afirm\u00f3.<\/p>\n\n\n\n<p>Fue as\u00ed que justific\u00f3 que los ediles deben buscar la manera de protegerse de la delincuencia organizada con seguridad personal en apego a los lineamientos establecidos para la portaci\u00f3n de armas de fuego.<\/p>\n\n\n\n<p>&#8220;No fue puesto (a disposici\u00f3n) por eso (por generador de violencia) fue por una presunci\u00f3n de dos armas, me parece y \u00e9l tendr\u00e1 que aclarar&#8230; s\u00ed, la verdad es que s\u00ed han recibido amenazas por parte de la delincuencia organizada y nosotros hemos ofrecido los operativos para garantizar la seguridad de todos&#8221;, revel\u00f3.<\/p>\n\n\n\n<p>Finalmente cabe se\u00f1alar que este lunes fue la propia Secretar\u00eda de Seguridad P\u00fablica quien boletin\u00f3 la detenci\u00f3n del edil de R\u00edo Blanco y afirm\u00f3 que era generador de violencia, ya que se le incautaron dos armas, una larga, una corta, cartuchos, cargadores, chalecos t\u00e1cticos y equipo de radiocomunicaci\u00f3n.<\/p>\n","protected":false},"excerpt":{"rendered":"<p>Dar\u00edo Pale Xalapa, Ver.- El gobernador del estado Cuitl\u00e1huac Garc\u00eda Jim\u00e9nez se\u00f1al\u00f3 que siempre no es generador de violencia el alcalde de R\u00edo Blanco, que fue detenido por portaci\u00f3n de armas, pues dijo que lo ha amenazado la delincuencia. En conferencia de prensa dijo que a pesar de que la Secretar\u00eda de Seguridad P\u00fablica boletin\u00f3 [&hellip;]<\/p>\n","protected":false},"author":2476,"featured_media":37074,"comment_status":"open","ping_status":"open","sticky":false,"template":"","format":"standard","meta":{"_jetpack_memberships_contains_paid_content":false,"footnotes":""},"categories":[2],"tags":[],"class_list":["post-37073","post","type-post","status-publish","format-standard","has-post-thumbnail","hentry","category-estado"],"jetpack_featured_media_url":"https:\/\/encuentroinformativo.com.mx\/wp-content\/uploads\/2023\/02\/Photo_1677012507392.jpg","jetpack_sharing_enabled":true,"jetpack_likes_enabled":true,"amp_enabled":true,"_links":{"self":[{"href":"https:\/\/encuentroinformativo.com.mx\/index.php?rest_route=\/wp\/v2\/posts\/37073","targetHints":{"allow":["GET"]}}],"collection":[{"href":"https:\/\/encuentroinformativo.com.mx\/index.php?rest_route=\/wp\/v2\/posts"}],"about":[{"href":"https:\/\/encuentroinformativo.com.mx\/index.php?rest_route=\/wp\/v2\/types\/post"}],"author":[{"embeddable":true,"href":"https:\/\/encuentroinformativo.com.mx\/index.php?rest_route=\/wp\/v2\/users\/2476"}],"replies":[{"embeddable":true,"href":"https:\/\/encuentroinformativo.com.mx\/index.php?rest_route=%2Fwp%2Fv2%2Fcomments&post=37073"}],"version-history":[{"count":1,"href":"https:\/\/encuentroinformativo.com.mx\/index.php?rest_route=\/wp\/v2\/posts\/37073\/revisions"}],"predecessor-version":[{"id":37075,"href":"https:\/\/encuentroinformativo.com.mx\/index.php?rest_route=\/wp\/v2\/posts\/37073\/revisions\/37075"}],"wp:featuredmedia":[{"embeddable":true,"href":"https:\/\/encuentroinformativo.com.mx\/index.php?rest_route=\/wp\/v2\/media\/37074"}],"wp:attachment":[{"href":"https:\/\/encuentroinformativo.com.mx\/index.php?rest_route=%2Fwp%2Fv2%2Fmedia&parent=37073"}],"wp:term":[{"taxonomy":"category","embeddable":true,"href":"https:\/\/encuentroinformativo.com.mx\/index.php?rest_route=%2Fwp%2Fv2%2Fcategories&post=37073"},{"taxonomy":"post_tag","embeddable":true,"href":"https:\/\/encuentroinformativo.com.mx\/index.php?rest_route=%2Fwp%2Fv2%2Ftags&post=37073"}],"curies":[{"name":"wp","href":"https:\/\/api.w.org\/{rel}","templated":true}]}}