{"id":37076,"date":"2023-02-21T15:32:16","date_gmt":"2023-02-21T21:32:16","guid":{"rendered":"https:\/\/encuentroinformativo.com.mx\/?p=37076"},"modified":"2023-02-21T15:32:19","modified_gmt":"2023-02-21T21:32:19","slug":"otra-seleccionada-mexicana-se-suma-halconas-rojas-de-veracruz","status":"publish","type":"post","link":"https:\/\/encuentroinformativo.com.mx\/?p=37076","title":{"rendered":"Otra seleccionada mexicana se suma Halconas Rojas de Veracruz"},"content":{"rendered":"\n<p><strong>Alejandro \u00c1vila<\/strong><\/p>\n\n\n\n<p>Veracruz, Ver.- La seleccionada nacional y campeona del Centrobasquet categor\u00eda sub 17, Alexia Lagunas, se sumar\u00e1 al equipo de Halconas Rojas de Veracruz para la temporada 2023.<\/p>\n\n\n\n<p>La capitalina tiene amplia experiencia en la selecci\u00f3n mexicana pues forma parte de ella desde el a\u00f1o 2015 y ha participado en mundiales de b\u00e1squetbol.<\/p>\n\n\n\n<p>Con una estatura de 1.72 y de posici\u00f3n Alero, Lagunas tambi\u00e9n tiene un buen palmar\u00e9s en el baloncesto de Olimpiada Nacional (ahora Juegos Nacionales CONADE), donde obtuvo el bicampeonato en el 2014 y 2015, as\u00ed como en el estudiantil en la Liga AB y un tercer lugar en los Juegos Panamericanos Estudiantiles con la selecci\u00f3n universitaria.<\/p>\n\n\n\n<p>&#8220;Soy una jugadora que de distingue por la disciplina que le pongo a las cosas y compromiso. Estoy emocionada, con mucho compromiso y responsabilidad, ya tengo muchas ganas de llegar y dar lo mejor de m\u00ed (\u2026) conf\u00eden en nosotras; vamos a dar lo mejor\u201d, remat\u00f3.<\/p>\n\n\n\n<p>De esta manera, Halcones Rojos de Veracruz sigue acrecentado su plantilla de jugadoras para la Temporada 2023 de la Liga Sisnova LNBP Femenil,<\/p>\n","protected":false},"excerpt":{"rendered":"<p>Alejandro \u00c1vila Veracruz, Ver.- La seleccionada nacional y campeona del Centrobasquet categor\u00eda sub 17, Alexia Lagunas, se sumar\u00e1 al equipo de Halconas Rojas de Veracruz para la temporada 2023. La capitalina tiene amplia experiencia en la selecci\u00f3n mexicana pues forma parte de ella desde el a\u00f1o 2015 y ha participado en mundiales de b\u00e1squetbol. Con [&hellip;]<\/p>\n","protected":false},"author":2476,"featured_media":37077,"comment_status":"open","ping_status":"open","sticky":false,"template":"","format":"standard","meta":{"_jetpack_memberships_contains_paid_content":false,"footnotes":""},"categories":[2],"tags":[],"class_list":["post-37076","post","type-post","status-publish","format-standard","has-post-thumbnail","hentry","category-estado"],"jetpack_featured_media_url":"https:\/\/encuentroinformativo.com.mx\/wp-content\/uploads\/2023\/02\/IMG-20230221-WA0132.jpg","jetpack_sharing_enabled":true,"jetpack_likes_enabled":true,"amp_enabled":true,"_links":{"self":[{"href":"https:\/\/encuentroinformativo.com.mx\/index.php?rest_route=\/wp\/v2\/posts\/37076","targetHints":{"allow":["GET"]}}],"collection":[{"href":"https:\/\/encuentroinformativo.com.mx\/index.php?rest_route=\/wp\/v2\/posts"}],"about":[{"href":"https:\/\/encuentroinformativo.com.mx\/index.php?rest_route=\/wp\/v2\/types\/post"}],"author":[{"embeddable":true,"href":"https:\/\/encuentroinformativo.com.mx\/index.php?rest_route=\/wp\/v2\/users\/2476"}],"replies":[{"embeddable":true,"href":"https:\/\/encuentroinformativo.com.mx\/index.php?rest_route=%2Fwp%2Fv2%2Fcomments&post=37076"}],"version-history":[{"count":1,"href":"https:\/\/encuentroinformativo.com.mx\/index.php?rest_route=\/wp\/v2\/posts\/37076\/revisions"}],"predecessor-version":[{"id":37078,"href":"https:\/\/encuentroinformativo.com.mx\/index.php?rest_route=\/wp\/v2\/posts\/37076\/revisions\/37078"}],"wp:featuredmedia":[{"embeddable":true,"href":"https:\/\/encuentroinformativo.com.mx\/index.php?rest_route=\/wp\/v2\/media\/37077"}],"wp:attachment":[{"href":"https:\/\/encuentroinformativo.com.mx\/index.php?rest_route=%2Fwp%2Fv2%2Fmedia&parent=37076"}],"wp:term":[{"taxonomy":"category","embeddable":true,"href":"https:\/\/encuentroinformativo.com.mx\/index.php?rest_route=%2Fwp%2Fv2%2Fcategories&post=37076"},{"taxonomy":"post_tag","embeddable":true,"href":"https:\/\/encuentroinformativo.com.mx\/index.php?rest_route=%2Fwp%2Fv2%2Ftags&post=37076"}],"curies":[{"name":"wp","href":"https:\/\/api.w.org\/{rel}","templated":true}]}}