{"id":37079,"date":"2023-02-21T15:43:06","date_gmt":"2023-02-21T21:43:06","guid":{"rendered":"https:\/\/encuentroinformativo.com.mx\/?p=37079"},"modified":"2023-02-21T15:43:10","modified_gmt":"2023-02-21T21:43:10","slug":"anuncian-congreso-internacional-nuevas-perspectivas-en-sindrome-down","status":"publish","type":"post","link":"https:\/\/encuentroinformativo.com.mx\/?p=37079","title":{"rendered":"Anuncian Congreso Internacional &#8220;Nuevas Perspectivas en S\u00edndrome down&#8221;"},"content":{"rendered":"\n<p>Xalapa, Ver.- Karina Mart\u00ednez Vera directora del Instituto Mexicano de Investigaci\u00f3n y Desarrollo integral (IMIDI) invit\u00f3 al Congreso Internacional &#8220;Nuevas Perspectivas en S\u00edndrome de Down&#8221; que se realizar\u00e1 en la capital del estado. <\/p>\n\n\n\n<p>Record\u00f3 que las actividades se desarrollar\u00e1n los d\u00edas 2 y 3 de marzo con el objetivo de seguir haciendo consciencia sobre este sector de la poblaci\u00f3n que tiene la capacidad de incorporarse a las actividades productivas. <\/p>\n","protected":false},"excerpt":{"rendered":"<p>Xalapa, Ver.- Karina Mart\u00ednez Vera directora del Instituto Mexicano de Investigaci\u00f3n y Desarrollo integral (IMIDI) invit\u00f3 al Congreso Internacional &#8220;Nuevas Perspectivas en S\u00edndrome de Down&#8221; que se realizar\u00e1 en la capital del estado. Record\u00f3 que las actividades se desarrollar\u00e1n los d\u00edas 2 y 3 de marzo con el objetivo de seguir haciendo consciencia sobre este [&hellip;]<\/p>\n","protected":false},"author":2476,"featured_media":37080,"comment_status":"open","ping_status":"open","sticky":false,"template":"","format":"standard","meta":{"_jetpack_memberships_contains_paid_content":false,"footnotes":""},"categories":[3],"tags":[],"class_list":["post-37079","post","type-post","status-publish","format-standard","has-post-thumbnail","hentry","category-xalapa"],"jetpack_featured_media_url":"https:\/\/encuentroinformativo.com.mx\/wp-content\/uploads\/2023\/02\/IMG-20230221-WA0095.jpg","jetpack_sharing_enabled":true,"jetpack_likes_enabled":true,"amp_enabled":true,"_links":{"self":[{"href":"https:\/\/encuentroinformativo.com.mx\/index.php?rest_route=\/wp\/v2\/posts\/37079","targetHints":{"allow":["GET"]}}],"collection":[{"href":"https:\/\/encuentroinformativo.com.mx\/index.php?rest_route=\/wp\/v2\/posts"}],"about":[{"href":"https:\/\/encuentroinformativo.com.mx\/index.php?rest_route=\/wp\/v2\/types\/post"}],"author":[{"embeddable":true,"href":"https:\/\/encuentroinformativo.com.mx\/index.php?rest_route=\/wp\/v2\/users\/2476"}],"replies":[{"embeddable":true,"href":"https:\/\/encuentroinformativo.com.mx\/index.php?rest_route=%2Fwp%2Fv2%2Fcomments&post=37079"}],"version-history":[{"count":1,"href":"https:\/\/encuentroinformativo.com.mx\/index.php?rest_route=\/wp\/v2\/posts\/37079\/revisions"}],"predecessor-version":[{"id":37081,"href":"https:\/\/encuentroinformativo.com.mx\/index.php?rest_route=\/wp\/v2\/posts\/37079\/revisions\/37081"}],"wp:featuredmedia":[{"embeddable":true,"href":"https:\/\/encuentroinformativo.com.mx\/index.php?rest_route=\/wp\/v2\/media\/37080"}],"wp:attachment":[{"href":"https:\/\/encuentroinformativo.com.mx\/index.php?rest_route=%2Fwp%2Fv2%2Fmedia&parent=37079"}],"wp:term":[{"taxonomy":"category","embeddable":true,"href":"https:\/\/encuentroinformativo.com.mx\/index.php?rest_route=%2Fwp%2Fv2%2Fcategories&post=37079"},{"taxonomy":"post_tag","embeddable":true,"href":"https:\/\/encuentroinformativo.com.mx\/index.php?rest_route=%2Fwp%2Fv2%2Ftags&post=37079"}],"curies":[{"name":"wp","href":"https:\/\/api.w.org\/{rel}","templated":true}]}}