{"id":37090,"date":"2023-02-21T22:20:28","date_gmt":"2023-02-22T04:20:28","guid":{"rendered":"https:\/\/encuentroinformativo.com.mx\/?p=37090"},"modified":"2023-02-21T22:20:33","modified_gmt":"2023-02-22T04:20:33","slug":"veracruz-puerto-levanta-la-mano-para-tesla","status":"publish","type":"post","link":"https:\/\/encuentroinformativo.com.mx\/?p=37090","title":{"rendered":"Veracruz Puerto levanta la mano para Tesla"},"content":{"rendered":"\n<p><strong>Juan Arcos <\/strong><\/p>\n\n\n\n<p>Xalapa, Ver.- La alcaldesa de Veracruz, Patricia Lobeira de Yunes, ofreci\u00f3 a la empresa <strong>Tesla<\/strong> que la nueva planta para la fabricaci\u00f3n de veh\u00edculos el\u00e9ctricos se ubique en la ciudad y puerto jarocho.<\/p>\n\n\n\n<p>La edil enfatiz\u00f3 que Veracruz cuenta con las condiciones id\u00f3neas para la instalaci\u00f3n de la f\u00e1brica.<\/p>\n\n\n\n<p>En un mensaje, a trav\u00e9s de sus redes sociales, la edil panista se pronunci\u00f3 ante el planteamiento del presidente de la Rep\u00fablica, Andr\u00e9s Manuel L\u00f3pez Obrador, de que Tesla, la empresa liderada por Elon Musk, se ubique en el sureste del pa\u00eds.<\/p>\n\n\n\n<p>\u201c<strong>Expresamos que en Veracruz contamos con la infraestructura portuaria, las instalaciones y el personal calificado para que esta f\u00e1brica se establezca en nuestro municipio.<\/strong> Por ello, los invitaremos formalmente a que conozcan todos los beneficios que nuestra ciudad ofrece\u201d, expres\u00f3.<\/p>\n\n\n\n<p>Lobeira de Yunes indic\u00f3 que la ciudad cuenta con agua y energ\u00eda el\u00e9ctrica suficiente para la operaci\u00f3n de la planta de esta compa\u00f1\u00eda estadounidense, que se disputan Nuevo Le\u00f3n, Hidalgo y Michoac\u00e1n.<\/p>\n\n\n\n<p>\u201cTenemos agua y energ\u00eda el\u00e9ctrica suficientes y reunimos las condiciones \u00f3ptimas para que la f\u00e1brica de autos trabaje los 365 d\u00edas del a\u00f1o sin interrupciones\u201d, a\u00f1adi\u00f3.<\/p>\n\n\n\n<p>Recientemente, el mandatario federal indic\u00f3 que dialogar\u00eda con Elon Musk para acordar el mejor lugar de la Rep\u00fablica Mexicana donde ser\u00eda construida la nueva planta Tesla, una obra que costar\u00eda 10 mil millones de d\u00f3lares.<\/p>\n\n\n\n<p>El gobernador de Nuevo Le\u00f3n, Samuel Garc\u00eda, hab\u00eda anunciado que la planta podr\u00eda construirse en esa entidad; sin embargo, el Presidente indic\u00f3 que la decisi\u00f3n a\u00fan no est\u00e1 tomada y que ese sitio carece de agua, lo que dificultar\u00eda el funcionamiento de la f\u00e1brica Tesla.<\/p>\n\n\n\n<p>\u201cLevantamos la mano a nombre del pueblo de Veracruz para que esta planta se instale en nuestro municipio. Ofrecemos una geolocalizaci\u00f3n privilegiada para el traslado de mercanc\u00edas a la Ciudad de M\u00e9xico, al interior del pa\u00eds y hacia el exterior\u201d, enfatiz\u00f3 la Alcaldesa de Veracruz.<\/p>\n","protected":false},"excerpt":{"rendered":"<p>Juan Arcos Xalapa, Ver.- La alcaldesa de Veracruz, Patricia Lobeira de Yunes, ofreci\u00f3 a la empresa Tesla que la nueva planta para la fabricaci\u00f3n de veh\u00edculos el\u00e9ctricos se ubique en la ciudad y puerto jarocho. La edil enfatiz\u00f3 que Veracruz cuenta con las condiciones id\u00f3neas para la instalaci\u00f3n de la f\u00e1brica. En un mensaje, a [&hellip;]<\/p>\n","protected":false},"author":2476,"featured_media":37091,"comment_status":"open","ping_status":"open","sticky":false,"template":"","format":"standard","meta":{"_jetpack_memberships_contains_paid_content":false,"footnotes":""},"categories":[2],"tags":[],"class_list":["post-37090","post","type-post","status-publish","format-standard","has-post-thumbnail","hentry","category-estado"],"jetpack_featured_media_url":"https:\/\/encuentroinformativo.com.mx\/wp-content\/uploads\/2023\/02\/IMG_0903.jpg","jetpack_sharing_enabled":true,"jetpack_likes_enabled":true,"amp_enabled":true,"_links":{"self":[{"href":"https:\/\/encuentroinformativo.com.mx\/index.php?rest_route=\/wp\/v2\/posts\/37090","targetHints":{"allow":["GET"]}}],"collection":[{"href":"https:\/\/encuentroinformativo.com.mx\/index.php?rest_route=\/wp\/v2\/posts"}],"about":[{"href":"https:\/\/encuentroinformativo.com.mx\/index.php?rest_route=\/wp\/v2\/types\/post"}],"author":[{"embeddable":true,"href":"https:\/\/encuentroinformativo.com.mx\/index.php?rest_route=\/wp\/v2\/users\/2476"}],"replies":[{"embeddable":true,"href":"https:\/\/encuentroinformativo.com.mx\/index.php?rest_route=%2Fwp%2Fv2%2Fcomments&post=37090"}],"version-history":[{"count":1,"href":"https:\/\/encuentroinformativo.com.mx\/index.php?rest_route=\/wp\/v2\/posts\/37090\/revisions"}],"predecessor-version":[{"id":37092,"href":"https:\/\/encuentroinformativo.com.mx\/index.php?rest_route=\/wp\/v2\/posts\/37090\/revisions\/37092"}],"wp:featuredmedia":[{"embeddable":true,"href":"https:\/\/encuentroinformativo.com.mx\/index.php?rest_route=\/wp\/v2\/media\/37091"}],"wp:attachment":[{"href":"https:\/\/encuentroinformativo.com.mx\/index.php?rest_route=%2Fwp%2Fv2%2Fmedia&parent=37090"}],"wp:term":[{"taxonomy":"category","embeddable":true,"href":"https:\/\/encuentroinformativo.com.mx\/index.php?rest_route=%2Fwp%2Fv2%2Fcategories&post=37090"},{"taxonomy":"post_tag","embeddable":true,"href":"https:\/\/encuentroinformativo.com.mx\/index.php?rest_route=%2Fwp%2Fv2%2Ftags&post=37090"}],"curies":[{"name":"wp","href":"https:\/\/api.w.org\/{rel}","templated":true}]}}