{"id":37095,"date":"2023-02-22T10:02:06","date_gmt":"2023-02-22T16:02:06","guid":{"rendered":"https:\/\/encuentroinformativo.com.mx\/?p=37095"},"modified":"2023-02-22T10:02:10","modified_gmt":"2023-02-22T16:02:10","slug":"celebran-feligreses-miercoles-de-ceniza","status":"publish","type":"post","link":"https:\/\/encuentroinformativo.com.mx\/?p=37095","title":{"rendered":"Celebran feligreses Mi\u00e9rcoles de Ceniza"},"content":{"rendered":"\n<p><strong>Israel Garc\u00eda <\/strong><\/p>\n\n\n\n<p>Xalapa, Ver.- Desde temprana hora de este d\u00eda, feligreses asistieron a la misa de 8:30 de la ma\u00f1ana en la Catedral Metropolitana de Xalapa.<\/p>\n\n\n\n<p>Y es que este d\u00eda celebran el <strong>Mi\u00e9rcoles de Ceniza<\/strong>, una ceremonia que para muchos marca tambi\u00e9n el inicio de la Cuaresma, un periodo de 40 d\u00edas de penitencia, ayuno y reflexi\u00f3n que precede a la Pascua cristiana o Domingo de Resurrecci\u00f3n, el \u00faltimo d\u00eda de la Semana Santa.<\/p>\n\n\n\n<p>La imposici\u00f3n de las cenizas nos recuerda que nuestra vida en la tierra es pasajera y que nuestra vida definitiva se encuentra en el cielo.<\/p>\n\n\n\n<p>Son las tres pr\u00e1cticas para estar con Dios, la limosna, oraci\u00f3n y el ayun\u00f3,\u00a0 por lo que se invita a mantener con Jes\u00fas un di\u00e1logo constante, &#8220;no nada m\u00e1s cuando tenemos problemas&#8230; el ayuno es una forma de acercarnos a Jes\u00fas&#8221;, explic\u00f3 el p\u00e1rroco Roberto Reyes Anaya.<\/p>\n\n\n\n<p>La cuaresma dura 40 d\u00edas, inicia el 22 de febrero y termina el pr\u00f3ximo 6 de abril. <\/p>\n\n\n\n<figure class=\"wp-block-image size-large\"><img loading=\"lazy\" decoding=\"async\" width=\"1024\" height=\"576\" src=\"https:\/\/encuentroinformativo.com.mx\/wp-content\/uploads\/2023\/02\/Photo_1677080013863-1024x576.jpg\" alt=\"\" class=\"wp-image-37097\" srcset=\"https:\/\/encuentroinformativo.com.mx\/wp-content\/uploads\/2023\/02\/Photo_1677080013863-1024x576.jpg 1024w, https:\/\/encuentroinformativo.com.mx\/wp-content\/uploads\/2023\/02\/Photo_1677080013863-300x169.jpg 300w, https:\/\/encuentroinformativo.com.mx\/wp-content\/uploads\/2023\/02\/Photo_1677080013863-768x432.jpg 768w, https:\/\/encuentroinformativo.com.mx\/wp-content\/uploads\/2023\/02\/Photo_1677080013863.jpg 1280w\" sizes=\"auto, (max-width: 1024px) 100vw, 1024px\" \/><\/figure>\n\n\n\n<figure class=\"wp-block-image size-large\"><img loading=\"lazy\" decoding=\"async\" width=\"1024\" height=\"768\" src=\"https:\/\/encuentroinformativo.com.mx\/wp-content\/uploads\/2023\/02\/Photo_1677079909525-1024x768.jpg\" alt=\"\" class=\"wp-image-37098\" srcset=\"https:\/\/encuentroinformativo.com.mx\/wp-content\/uploads\/2023\/02\/Photo_1677079909525-1024x768.jpg 1024w, https:\/\/encuentroinformativo.com.mx\/wp-content\/uploads\/2023\/02\/Photo_1677079909525-300x225.jpg 300w, https:\/\/encuentroinformativo.com.mx\/wp-content\/uploads\/2023\/02\/Photo_1677079909525-768x576.jpg 768w, https:\/\/encuentroinformativo.com.mx\/wp-content\/uploads\/2023\/02\/Photo_1677079909525-1536x1152.jpg 1536w, https:\/\/encuentroinformativo.com.mx\/wp-content\/uploads\/2023\/02\/Photo_1677079909525.jpg 1600w\" sizes=\"auto, (max-width: 1024px) 100vw, 1024px\" \/><\/figure>\n","protected":false},"excerpt":{"rendered":"<p>Israel Garc\u00eda Xalapa, Ver.- Desde temprana hora de este d\u00eda, feligreses asistieron a la misa de 8:30 de la ma\u00f1ana en la Catedral Metropolitana de Xalapa. Y es que este d\u00eda celebran el Mi\u00e9rcoles de Ceniza, una ceremonia que para muchos marca tambi\u00e9n el inicio de la Cuaresma, un periodo de 40 d\u00edas de penitencia, [&hellip;]<\/p>\n","protected":false},"author":2476,"featured_media":37096,"comment_status":"open","ping_status":"open","sticky":false,"template":"","format":"standard","meta":{"_jetpack_memberships_contains_paid_content":false,"footnotes":""},"categories":[3],"tags":[],"class_list":["post-37095","post","type-post","status-publish","format-standard","has-post-thumbnail","hentry","category-xalapa"],"jetpack_featured_media_url":"https:\/\/encuentroinformativo.com.mx\/wp-content\/uploads\/2023\/02\/Photo_1677080562688.jpg","jetpack_sharing_enabled":true,"jetpack_likes_enabled":true,"amp_enabled":true,"_links":{"self":[{"href":"https:\/\/encuentroinformativo.com.mx\/index.php?rest_route=\/wp\/v2\/posts\/37095","targetHints":{"allow":["GET"]}}],"collection":[{"href":"https:\/\/encuentroinformativo.com.mx\/index.php?rest_route=\/wp\/v2\/posts"}],"about":[{"href":"https:\/\/encuentroinformativo.com.mx\/index.php?rest_route=\/wp\/v2\/types\/post"}],"author":[{"embeddable":true,"href":"https:\/\/encuentroinformativo.com.mx\/index.php?rest_route=\/wp\/v2\/users\/2476"}],"replies":[{"embeddable":true,"href":"https:\/\/encuentroinformativo.com.mx\/index.php?rest_route=%2Fwp%2Fv2%2Fcomments&post=37095"}],"version-history":[{"count":1,"href":"https:\/\/encuentroinformativo.com.mx\/index.php?rest_route=\/wp\/v2\/posts\/37095\/revisions"}],"predecessor-version":[{"id":37099,"href":"https:\/\/encuentroinformativo.com.mx\/index.php?rest_route=\/wp\/v2\/posts\/37095\/revisions\/37099"}],"wp:featuredmedia":[{"embeddable":true,"href":"https:\/\/encuentroinformativo.com.mx\/index.php?rest_route=\/wp\/v2\/media\/37096"}],"wp:attachment":[{"href":"https:\/\/encuentroinformativo.com.mx\/index.php?rest_route=%2Fwp%2Fv2%2Fmedia&parent=37095"}],"wp:term":[{"taxonomy":"category","embeddable":true,"href":"https:\/\/encuentroinformativo.com.mx\/index.php?rest_route=%2Fwp%2Fv2%2Fcategories&post=37095"},{"taxonomy":"post_tag","embeddable":true,"href":"https:\/\/encuentroinformativo.com.mx\/index.php?rest_route=%2Fwp%2Fv2%2Ftags&post=37095"}],"curies":[{"name":"wp","href":"https:\/\/api.w.org\/{rel}","templated":true}]}}