{"id":37100,"date":"2023-02-22T10:29:19","date_gmt":"2023-02-22T16:29:19","guid":{"rendered":"https:\/\/encuentroinformativo.com.mx\/?p=37100"},"modified":"2023-02-22T10:29:23","modified_gmt":"2023-02-22T16:29:23","slug":"padres-se-oponen-a-cambio-de-director-en-primaria-miguel-negrete","status":"publish","type":"post","link":"https:\/\/encuentroinformativo.com.mx\/?p=37100","title":{"rendered":"Padres se oponen a cambio de director en primaria Miguel Negrete"},"content":{"rendered":"\n<p><strong>Dar\u00edo Pale <\/strong><\/p>\n\n\n\n<p>Xalapa, Ver.- Padres de familia de la escuela primaria general &#8220;General Miguel Negrete&#8221; se manifestaron tomando la escuela y bloqueando por unos minutos la avenida de la Rep\u00fablica ya que se oponen al cambio del director Ernesto Gamboa Hern\u00e1ndez de dicho plantel.<\/p>\n\n\n\n<p>Entrevistada durante la manifestaci\u00f3n Angela Ram\u00edrez S\u00e1nchez presidente de la sociedad de padres de familia de la primaria dio a conocer que est\u00e1n en contra de que el director deje el plantel ya que ha trabajado mucho por la escuela y ha logrado muchos cambios.<\/p>\n\n\n\n<p>&#8220;Nosotros como padres de familia estamos apoyando para que el maestro no se vaya de esta escuela, lo queremos aqu\u00ed, es un buen maestro, es un buen director trabaja mucho por la escuela y por los ni\u00f1os, entonces la verdad que no se vale que nos digan de un momento a otro que se tiene que ir&#8221;, se\u00f1al\u00f3.<\/p>\n\n\n\n<p>Coment\u00f3 que nunca se enteraron que la escuela estuviera en litigio la escuela por lo que nadie sab\u00eda nada, hasta que el maestro les notific\u00f3 que se ten\u00eda que ir de la escuela lo cual no es justo.<\/p>\n\n\n\n<p>Una persona que llego de la Secretar\u00eda de Educaci\u00f3n de Veracruz (SEV), les coment\u00f3 que una comisi\u00f3n ten\u00eda que ir a las oficinas para que les mostrar\u00e1n la documentaci\u00f3n de lo que est\u00e1 sucediendo pero piensan que no les dar\u00e1n ninguna soluci\u00f3n y no dejar\u00e1n la escuela hasta que les den una respuesta favorable.<\/p>\n\n\n\n<p>Dio a conocer que de no hacerles caso cerrar\u00e1n la calle y de ser posible la avenida L\u00e1zaro C\u00e1rdenas hasta que les den una soluci\u00f3n.<\/p>\n\n\n\n<p>Por su parte el director de la escuela primaria Ernesto Gamboa Hern\u00e1ndez dio a conocer que el viernes le lleg\u00f3 una notificaci\u00f3n de parte de recursos humanos de la SEV donde le comentan que se tiene que presentar a esa oficina el d\u00eda lunes, por lo que asisti\u00f3 y ah\u00ed le dicen que el centro de trabajo donde labora estuvo en litigio durante 9 a\u00f1os.<\/p>\n\n\n\n<p>El juicio lo gan\u00f3 una maestra, por lo que tienen que cumplir el mandato del juez por lo que le notifican que tiene que buscar otro centro de trabajo y le ofertaron otras escuelas para no afectar sus derechos.<\/p>\n\n\n\n<p>Se\u00f1al\u00f3 que concurso esa plaza de director y la SEV se lo dio desde hace cinco a\u00f1os y medio y actualmente le dicen que se tiene que ir del plantel, ya que el litigio de la maestra era solo que estaba peleando el centro de trabajo que era la direcci\u00f3n.<\/p>\n\n\n\n<p>Finalmente se\u00f1al\u00f3 que se siente sorprendido y muy contento por las muestras de apoyo de los padres de familia de los alumnos, ya que les inform\u00f3 el d\u00eda de ayer que se ten\u00eda que retirar de la escuela.<\/p>\n\n\n\n<figure class=\"wp-block-image size-large\"><img loading=\"lazy\" decoding=\"async\" width=\"1024\" height=\"683\" src=\"https:\/\/encuentroinformativo.com.mx\/wp-content\/uploads\/2023\/02\/IMG-20230222-WA0017-1024x683.jpg\" alt=\"\" class=\"wp-image-37102\" srcset=\"https:\/\/encuentroinformativo.com.mx\/wp-content\/uploads\/2023\/02\/IMG-20230222-WA0017-1024x683.jpg 1024w, https:\/\/encuentroinformativo.com.mx\/wp-content\/uploads\/2023\/02\/IMG-20230222-WA0017-300x200.jpg 300w, https:\/\/encuentroinformativo.com.mx\/wp-content\/uploads\/2023\/02\/IMG-20230222-WA0017-768x512.jpg 768w, https:\/\/encuentroinformativo.com.mx\/wp-content\/uploads\/2023\/02\/IMG-20230222-WA0017.jpg 1296w\" sizes=\"auto, (max-width: 1024px) 100vw, 1024px\" \/><\/figure>\n\n\n\n<figure class=\"wp-block-image size-large\"><img loading=\"lazy\" decoding=\"async\" width=\"1024\" height=\"576\" src=\"https:\/\/encuentroinformativo.com.mx\/wp-content\/uploads\/2023\/02\/IMG-20230222-WA0016-1024x576.jpg\" alt=\"\" class=\"wp-image-37103\" srcset=\"https:\/\/encuentroinformativo.com.mx\/wp-content\/uploads\/2023\/02\/IMG-20230222-WA0016-1024x576.jpg 1024w, https:\/\/encuentroinformativo.com.mx\/wp-content\/uploads\/2023\/02\/IMG-20230222-WA0016-300x169.jpg 300w, https:\/\/encuentroinformativo.com.mx\/wp-content\/uploads\/2023\/02\/IMG-20230222-WA0016-768x432.jpg 768w, https:\/\/encuentroinformativo.com.mx\/wp-content\/uploads\/2023\/02\/IMG-20230222-WA0016-1536x864.jpg 1536w, https:\/\/encuentroinformativo.com.mx\/wp-content\/uploads\/2023\/02\/IMG-20230222-WA0016.jpg 1600w\" sizes=\"auto, (max-width: 1024px) 100vw, 1024px\" \/><\/figure>\n","protected":false},"excerpt":{"rendered":"<p>Dar\u00edo Pale Xalapa, Ver.- Padres de familia de la escuela primaria general &#8220;General Miguel Negrete&#8221; se manifestaron tomando la escuela y bloqueando por unos minutos la avenida de la Rep\u00fablica ya que se oponen al cambio del director Ernesto Gamboa Hern\u00e1ndez de dicho plantel. Entrevistada durante la manifestaci\u00f3n Angela Ram\u00edrez S\u00e1nchez presidente de la sociedad [&hellip;]<\/p>\n","protected":false},"author":2476,"featured_media":37101,"comment_status":"open","ping_status":"open","sticky":false,"template":"","format":"standard","meta":{"_jetpack_memberships_contains_paid_content":false,"footnotes":""},"categories":[3],"tags":[],"class_list":["post-37100","post","type-post","status-publish","format-standard","has-post-thumbnail","hentry","category-xalapa"],"jetpack_featured_media_url":"https:\/\/encuentroinformativo.com.mx\/wp-content\/uploads\/2023\/02\/IMG-20230222-WA0019.jpg","jetpack_sharing_enabled":true,"jetpack_likes_enabled":true,"amp_enabled":true,"_links":{"self":[{"href":"https:\/\/encuentroinformativo.com.mx\/index.php?rest_route=\/wp\/v2\/posts\/37100","targetHints":{"allow":["GET"]}}],"collection":[{"href":"https:\/\/encuentroinformativo.com.mx\/index.php?rest_route=\/wp\/v2\/posts"}],"about":[{"href":"https:\/\/encuentroinformativo.com.mx\/index.php?rest_route=\/wp\/v2\/types\/post"}],"author":[{"embeddable":true,"href":"https:\/\/encuentroinformativo.com.mx\/index.php?rest_route=\/wp\/v2\/users\/2476"}],"replies":[{"embeddable":true,"href":"https:\/\/encuentroinformativo.com.mx\/index.php?rest_route=%2Fwp%2Fv2%2Fcomments&post=37100"}],"version-history":[{"count":1,"href":"https:\/\/encuentroinformativo.com.mx\/index.php?rest_route=\/wp\/v2\/posts\/37100\/revisions"}],"predecessor-version":[{"id":37104,"href":"https:\/\/encuentroinformativo.com.mx\/index.php?rest_route=\/wp\/v2\/posts\/37100\/revisions\/37104"}],"wp:featuredmedia":[{"embeddable":true,"href":"https:\/\/encuentroinformativo.com.mx\/index.php?rest_route=\/wp\/v2\/media\/37101"}],"wp:attachment":[{"href":"https:\/\/encuentroinformativo.com.mx\/index.php?rest_route=%2Fwp%2Fv2%2Fmedia&parent=37100"}],"wp:term":[{"taxonomy":"category","embeddable":true,"href":"https:\/\/encuentroinformativo.com.mx\/index.php?rest_route=%2Fwp%2Fv2%2Fcategories&post=37100"},{"taxonomy":"post_tag","embeddable":true,"href":"https:\/\/encuentroinformativo.com.mx\/index.php?rest_route=%2Fwp%2Fv2%2Ftags&post=37100"}],"curies":[{"name":"wp","href":"https:\/\/api.w.org\/{rel}","templated":true}]}}