{"id":37105,"date":"2023-02-22T12:23:10","date_gmt":"2023-02-22T18:23:10","guid":{"rendered":"https:\/\/encuentroinformativo.com.mx\/?p=37105"},"modified":"2023-02-22T12:23:13","modified_gmt":"2023-02-22T18:23:13","slug":"anuncia-forbes-que-veracruz-se-suma-a-la-puja-por-planta-de-tesla-en-mexico","status":"publish","type":"post","link":"https:\/\/encuentroinformativo.com.mx\/?p=37105","title":{"rendered":"Anuncia Forbes que Veracruz se suma a la puja por planta de TESLA en M\u00e9xico"},"content":{"rendered":"\n<p><strong>Alejandro \u00c1vila<\/strong><\/p>\n\n\n\n<p>Veracruz, Ver.- La revista de econom\u00eda Forbes dio a conocer que una vez que el estado de Nuevo Le\u00f3n fue descartado para colocar una planta de la empresa automotriz TESLA, Veracruz se ha sumado a la puja porque la empresa internacional se instale en el sureste de M\u00e9xico.<\/p>\n\n\n\n<p>Apenas este martes por la ma\u00f1ana el presidente Andr\u00e9s Manuel L\u00f3pez Obrador le baj\u00f3 el pulgar al estado de Nuevo Le\u00f3n en su conferencia &#8220;La Ma\u00f1anera&#8221;, toda vez que dijo que dicha entidad no cuenta con agua<\/p>\n\n\n\n<p>Horas m\u00e1s tarde la alcaldesa de Veracruz, Patricia Lobeira Rodr\u00edguez, subi\u00f3 un video a sus redes sociales donde alz\u00f3 la mano para ser tomados en cuenta y que se instale la f\u00e1brica del empresario Elon Musk en el municipio de Veracruz, tal como ya lo han hecho la empresa Nestl\u00e9 y la cervecera Constellation Brands.<\/p>\n\n\n\n<p>As\u00ed como Veracruz, Michoac\u00e1n, Hidalgo y Coahuila, tambi\u00e9n buscan que la constructora de autos se instale en sus estados; sin embargo, el puerto mar\u00edtimo de carga que hay en el municipio de Veracruz podr\u00eda facilitar el traslado de la mercanc\u00eda, mencion\u00f3 la presidenta municipal Paty Lobeira.<\/p>\n\n\n\n<p>\u201cContamos con la infraestructura portuaria m\u00e1s importante de todo el sureste mexicano, tenemos las instalaciones id\u00f3neas y personal calificado para el traslado de veh\u00edculos, tan es as\u00ed, que ya superamos los 40 a\u00f1os de experiencia transportando autom\u00f3viles hacia los Estados Unidos, Europa y Sudam\u00e9rica\u201d, inform\u00f3.&nbsp;<\/p>\n\n\n\n<p>\u201cTenemos agua y energ\u00eda el\u00e9ctrica suficientes y reunimos las condiciones \u00f3ptimas para que la f\u00e1brica de autos trabaje los 365 d\u00edas del a\u00f1o sin interrupciones\u201d, dijo.<\/p>\n\n\n\n<p>Subray\u00f3 que su administraci\u00f3n est\u00e1 comprometida en proporcionar los mejores servicios p\u00fablicos creando las condiciones id\u00f3neas para el desarrollo de toda industria. \u201cY sobre todo, encontrar\u00e1n en nuestro municipio fuerza de trabajo sinigual; las y los veracruzanos somos gente capaz y alegre que cree en la cultura del esfuerzo\u201d, remat\u00f3.<\/p>\n","protected":false},"excerpt":{"rendered":"<p>Alejandro \u00c1vila Veracruz, Ver.- La revista de econom\u00eda Forbes dio a conocer que una vez que el estado de Nuevo Le\u00f3n fue descartado para colocar una planta de la empresa automotriz TESLA, Veracruz se ha sumado a la puja porque la empresa internacional se instale en el sureste de M\u00e9xico. Apenas este martes por la [&hellip;]<\/p>\n","protected":false},"author":2476,"featured_media":29132,"comment_status":"open","ping_status":"open","sticky":false,"template":"","format":"standard","meta":{"_jetpack_memberships_contains_paid_content":false,"footnotes":""},"categories":[2],"tags":[],"class_list":["post-37105","post","type-post","status-publish","format-standard","has-post-thumbnail","hentry","category-estado"],"jetpack_featured_media_url":"https:\/\/encuentroinformativo.com.mx\/wp-content\/uploads\/2022\/07\/78FD7530-E4C3-4A16-9E89-40A7EAACEAA5.jpeg","jetpack_sharing_enabled":true,"jetpack_likes_enabled":true,"amp_enabled":true,"_links":{"self":[{"href":"https:\/\/encuentroinformativo.com.mx\/index.php?rest_route=\/wp\/v2\/posts\/37105","targetHints":{"allow":["GET"]}}],"collection":[{"href":"https:\/\/encuentroinformativo.com.mx\/index.php?rest_route=\/wp\/v2\/posts"}],"about":[{"href":"https:\/\/encuentroinformativo.com.mx\/index.php?rest_route=\/wp\/v2\/types\/post"}],"author":[{"embeddable":true,"href":"https:\/\/encuentroinformativo.com.mx\/index.php?rest_route=\/wp\/v2\/users\/2476"}],"replies":[{"embeddable":true,"href":"https:\/\/encuentroinformativo.com.mx\/index.php?rest_route=%2Fwp%2Fv2%2Fcomments&post=37105"}],"version-history":[{"count":1,"href":"https:\/\/encuentroinformativo.com.mx\/index.php?rest_route=\/wp\/v2\/posts\/37105\/revisions"}],"predecessor-version":[{"id":37106,"href":"https:\/\/encuentroinformativo.com.mx\/index.php?rest_route=\/wp\/v2\/posts\/37105\/revisions\/37106"}],"wp:featuredmedia":[{"embeddable":true,"href":"https:\/\/encuentroinformativo.com.mx\/index.php?rest_route=\/wp\/v2\/media\/29132"}],"wp:attachment":[{"href":"https:\/\/encuentroinformativo.com.mx\/index.php?rest_route=%2Fwp%2Fv2%2Fmedia&parent=37105"}],"wp:term":[{"taxonomy":"category","embeddable":true,"href":"https:\/\/encuentroinformativo.com.mx\/index.php?rest_route=%2Fwp%2Fv2%2Fcategories&post=37105"},{"taxonomy":"post_tag","embeddable":true,"href":"https:\/\/encuentroinformativo.com.mx\/index.php?rest_route=%2Fwp%2Fv2%2Ftags&post=37105"}],"curies":[{"name":"wp","href":"https:\/\/api.w.org\/{rel}","templated":true}]}}