{"id":37107,"date":"2023-02-22T12:27:07","date_gmt":"2023-02-22T18:27:07","guid":{"rendered":"https:\/\/encuentroinformativo.com.mx\/?p=37107"},"modified":"2023-02-22T12:27:11","modified_gmt":"2023-02-22T18:27:11","slug":"presentaran-obra-de-teatro-lilith-vs-eva","status":"publish","type":"post","link":"https:\/\/encuentroinformativo.com.mx\/?p=37107","title":{"rendered":"Presentar\u00e1n obra de teatro &#8220;Lilith vs. Eva&#8221;"},"content":{"rendered":"\n<p><strong>Dario Pale <\/strong><\/p>\n\n\n\n<p>Xalapa, Ver.- Invitan a la ciudadan\u00eda para que asista a la obra de teatro &#8220;Lilith vs. Eva&#8221;, la cual se llevar\u00e1 a cabo los d\u00edas 8 y 9 de marzo en el Teatro J. J. Herrera, la cual se presentar\u00e1 en el marco del D\u00eda Internacional de la Mujer.<\/p>\n\n\n\n<p>En conferencia de prensa N\u00e9stor Guti\u00e9rrez, director de la obra Lilith vs. Eva, indic\u00f3 que las fechas son el 8 y 9 del mes se marzo, en horario de las siete de la noche, posteriormente se har\u00e1 otra el 18 de marzo.\u00a0<\/p>\n\n\n\n<p>&#8220;Habla de diferentes etapas y de una manera muy especial, en donde todas las mujeres hacen una conexi\u00f3n, porque se ven representadas, todas han sido madres, hijas, hermanas, t\u00edas&#8221;, se\u00f1al\u00f3.<\/p>\n\n\n\n<p>El proyecto tiene la intenci\u00f3n de rotar las voces y los talentos, principalmente mujeres, en escena son cinco mujeres y el elenco es rotativo. Estar\u00e1n Citlalli Garc\u00eda, Pamela Hern\u00e1ndez, Yashia Arroyo, Lorena B\u00e1ez y Zentli Mart\u00ednez.<\/p>\n\n\n\n<p>&#8220;Queremos concientizar sobre el papel de la mujer actualmente, la importancia de deshacernos de tab\u00faes, de ideas preconcebidas y esta obra es perfecta para eso&#8221;, coment\u00f3.<\/p>\n\n\n\n<p>Finalmente, indicaron que la obra habla de una dualidad, en el sentido de que todas las mujeres llevan un demonio dentro (Lilith, el primer demonio) y una Eva.<\/p>\n","protected":false},"excerpt":{"rendered":"<p>Dario Pale Xalapa, Ver.- Invitan a la ciudadan\u00eda para que asista a la obra de teatro &#8220;Lilith vs. Eva&#8221;, la cual se llevar\u00e1 a cabo los d\u00edas 8 y 9 de marzo en el Teatro J. J. Herrera, la cual se presentar\u00e1 en el marco del D\u00eda Internacional de la Mujer. En conferencia de prensa [&hellip;]<\/p>\n","protected":false},"author":2476,"featured_media":37108,"comment_status":"open","ping_status":"open","sticky":false,"template":"","format":"standard","meta":{"_jetpack_memberships_contains_paid_content":false,"footnotes":""},"categories":[3],"tags":[],"class_list":["post-37107","post","type-post","status-publish","format-standard","has-post-thumbnail","hentry","category-xalapa"],"jetpack_featured_media_url":"https:\/\/encuentroinformativo.com.mx\/wp-content\/uploads\/2023\/02\/IMG-20230222-WA0045.jpg","jetpack_sharing_enabled":true,"jetpack_likes_enabled":true,"amp_enabled":true,"_links":{"self":[{"href":"https:\/\/encuentroinformativo.com.mx\/index.php?rest_route=\/wp\/v2\/posts\/37107","targetHints":{"allow":["GET"]}}],"collection":[{"href":"https:\/\/encuentroinformativo.com.mx\/index.php?rest_route=\/wp\/v2\/posts"}],"about":[{"href":"https:\/\/encuentroinformativo.com.mx\/index.php?rest_route=\/wp\/v2\/types\/post"}],"author":[{"embeddable":true,"href":"https:\/\/encuentroinformativo.com.mx\/index.php?rest_route=\/wp\/v2\/users\/2476"}],"replies":[{"embeddable":true,"href":"https:\/\/encuentroinformativo.com.mx\/index.php?rest_route=%2Fwp%2Fv2%2Fcomments&post=37107"}],"version-history":[{"count":1,"href":"https:\/\/encuentroinformativo.com.mx\/index.php?rest_route=\/wp\/v2\/posts\/37107\/revisions"}],"predecessor-version":[{"id":37109,"href":"https:\/\/encuentroinformativo.com.mx\/index.php?rest_route=\/wp\/v2\/posts\/37107\/revisions\/37109"}],"wp:featuredmedia":[{"embeddable":true,"href":"https:\/\/encuentroinformativo.com.mx\/index.php?rest_route=\/wp\/v2\/media\/37108"}],"wp:attachment":[{"href":"https:\/\/encuentroinformativo.com.mx\/index.php?rest_route=%2Fwp%2Fv2%2Fmedia&parent=37107"}],"wp:term":[{"taxonomy":"category","embeddable":true,"href":"https:\/\/encuentroinformativo.com.mx\/index.php?rest_route=%2Fwp%2Fv2%2Fcategories&post=37107"},{"taxonomy":"post_tag","embeddable":true,"href":"https:\/\/encuentroinformativo.com.mx\/index.php?rest_route=%2Fwp%2Fv2%2Ftags&post=37107"}],"curies":[{"name":"wp","href":"https:\/\/api.w.org\/{rel}","templated":true}]}}