{"id":37110,"date":"2023-02-22T12:32:09","date_gmt":"2023-02-22T18:32:09","guid":{"rendered":"https:\/\/encuentroinformativo.com.mx\/?p=37110"},"modified":"2023-02-22T12:32:12","modified_gmt":"2023-02-22T18:32:12","slug":"extrabajadores-de-alto-lucero-protestan-en-xalapa-reclaman-pago-de-laudos","status":"publish","type":"post","link":"https:\/\/encuentroinformativo.com.mx\/?p=37110","title":{"rendered":"Extrabajadores de Alto Lucero protestan en Xalapa, reclaman pago de laudos"},"content":{"rendered":"\n<p><strong>Juan Arcos <\/strong><\/p>\n\n\n\n<p>Xalapa, Ver.- Extrabajadores del ayuntamiento de Alto Lucero protestaron a un costado de Palacio de Gobierno, en esta ciudad de Xalapa, para exigir el pago de un laudo que ganaron en 2011.<\/p>\n\n\n\n<p>Se trata de 82 personas que fueron despedidas injustificadamente en 2009, ganando el juicio laboral dos a\u00f1os despu\u00e9s.<\/p>\n\n\n\n<p>Sin embargo, hasta el momento, han pasado m\u00e1s de 12 a\u00f1os y no les han pagado su liquidaci\u00f3n, un monto total de aproximadamente 50 millones de pesos.<\/p>\n\n\n\n<p>De acuerdo con Jos\u00e9 Juan Bernal Melgarejo, representante legal de los afectados, los trabajadores han buscado acercamiento con el alcalde Vicente Aguilar Castillo, pero han sido ignorados.<\/p>\n\n\n\n<p>\u201cLos alcaldes que han pasado no han tenido la disponibilidad para llevar a cabo el pago de los salarios y prestaciones litigadas en un juicio\u201d, enfatiz\u00f3.<\/p>\n\n\n\n<p>Los quejosos pidieron la intervenci\u00f3n del gobernador del estado, Cuitl\u00e1huac Garc\u00eda Jim\u00e9nez, para acceder a los pagos correspondientes.<\/p>\n\n\n\n<p>Bernal Melgarejo acus\u00f3 al alcalde Vicente Aguilar Castillo de negarse a pagar el laudo 71\/2011, promoviendo un amparo y logrando una suspensi\u00f3n provisional por parte de un juez federal.<\/p>\n\n\n\n<p>\u201cSe le concedi\u00f3 la suspensi\u00f3n provisional. Hay una prestaci\u00f3n que se llamada subsistencia, se les concedi\u00f3 pero ni eso han querido pagar\u201d, enfatiz\u00f3.<\/p>\n\n\n\n<p>El pasado 21 de enero, los extrabajadores acudieron a una diligencia en en Tribunal Estatal de Conciliaci\u00f3n y Arbitraje pero fueron recibidos con polic\u00edas, lo que pudo detener una situaci\u00f3n de violencia.<\/p>\n\n\n\n<figure class=\"wp-block-image size-large\"><img loading=\"lazy\" decoding=\"async\" width=\"1024\" height=\"768\" src=\"https:\/\/encuentroinformativo.com.mx\/wp-content\/uploads\/2023\/02\/IMG_4217-1024x768.jpg\" alt=\"\" class=\"wp-image-37112\" srcset=\"https:\/\/encuentroinformativo.com.mx\/wp-content\/uploads\/2023\/02\/IMG_4217-1024x768.jpg 1024w, https:\/\/encuentroinformativo.com.mx\/wp-content\/uploads\/2023\/02\/IMG_4217-300x225.jpg 300w, https:\/\/encuentroinformativo.com.mx\/wp-content\/uploads\/2023\/02\/IMG_4217-768x576.jpg 768w, https:\/\/encuentroinformativo.com.mx\/wp-content\/uploads\/2023\/02\/IMG_4217-1536x1152.jpg 1536w, https:\/\/encuentroinformativo.com.mx\/wp-content\/uploads\/2023\/02\/IMG_4217.jpg 2016w\" sizes=\"auto, (max-width: 1024px) 100vw, 1024px\" \/><\/figure>\n","protected":false},"excerpt":{"rendered":"<p>Juan Arcos Xalapa, Ver.- Extrabajadores del ayuntamiento de Alto Lucero protestaron a un costado de Palacio de Gobierno, en esta ciudad de Xalapa, para exigir el pago de un laudo que ganaron en 2011. Se trata de 82 personas que fueron despedidas injustificadamente en 2009, ganando el juicio laboral dos a\u00f1os despu\u00e9s. Sin embargo, hasta [&hellip;]<\/p>\n","protected":false},"author":2476,"featured_media":37111,"comment_status":"open","ping_status":"open","sticky":false,"template":"","format":"standard","meta":{"_jetpack_memberships_contains_paid_content":false,"footnotes":""},"categories":[8],"tags":[],"class_list":["post-37110","post","type-post","status-publish","format-standard","has-post-thumbnail","hentry","category-region"],"jetpack_featured_media_url":"https:\/\/encuentroinformativo.com.mx\/wp-content\/uploads\/2023\/02\/IMG_4207.jpg","jetpack_sharing_enabled":true,"jetpack_likes_enabled":true,"amp_enabled":true,"_links":{"self":[{"href":"https:\/\/encuentroinformativo.com.mx\/index.php?rest_route=\/wp\/v2\/posts\/37110","targetHints":{"allow":["GET"]}}],"collection":[{"href":"https:\/\/encuentroinformativo.com.mx\/index.php?rest_route=\/wp\/v2\/posts"}],"about":[{"href":"https:\/\/encuentroinformativo.com.mx\/index.php?rest_route=\/wp\/v2\/types\/post"}],"author":[{"embeddable":true,"href":"https:\/\/encuentroinformativo.com.mx\/index.php?rest_route=\/wp\/v2\/users\/2476"}],"replies":[{"embeddable":true,"href":"https:\/\/encuentroinformativo.com.mx\/index.php?rest_route=%2Fwp%2Fv2%2Fcomments&post=37110"}],"version-history":[{"count":1,"href":"https:\/\/encuentroinformativo.com.mx\/index.php?rest_route=\/wp\/v2\/posts\/37110\/revisions"}],"predecessor-version":[{"id":37113,"href":"https:\/\/encuentroinformativo.com.mx\/index.php?rest_route=\/wp\/v2\/posts\/37110\/revisions\/37113"}],"wp:featuredmedia":[{"embeddable":true,"href":"https:\/\/encuentroinformativo.com.mx\/index.php?rest_route=\/wp\/v2\/media\/37111"}],"wp:attachment":[{"href":"https:\/\/encuentroinformativo.com.mx\/index.php?rest_route=%2Fwp%2Fv2%2Fmedia&parent=37110"}],"wp:term":[{"taxonomy":"category","embeddable":true,"href":"https:\/\/encuentroinformativo.com.mx\/index.php?rest_route=%2Fwp%2Fv2%2Fcategories&post=37110"},{"taxonomy":"post_tag","embeddable":true,"href":"https:\/\/encuentroinformativo.com.mx\/index.php?rest_route=%2Fwp%2Fv2%2Ftags&post=37110"}],"curies":[{"name":"wp","href":"https:\/\/api.w.org\/{rel}","templated":true}]}}