{"id":37114,"date":"2023-02-22T12:38:30","date_gmt":"2023-02-22T18:38:30","guid":{"rendered":"https:\/\/encuentroinformativo.com.mx\/?p=37114"},"modified":"2023-02-22T12:38:33","modified_gmt":"2023-02-22T18:38:33","slug":"se-reportan-tres-baleados-en-menos-de-24-horas-en-municipios-de-veracruz","status":"publish","type":"post","link":"https:\/\/encuentroinformativo.com.mx\/?p=37114","title":{"rendered":"Se reportan tres baleados en menos de 24 horas en municipios de Veracruz"},"content":{"rendered":"\n<p><strong>Alejandro \u00c1vila<\/strong><\/p>\n\n\n\n<p>Veracruz, Ver.- Tres personas fueron baleadas en menos de 24 horas en el estado de Veracruz, dos de ellas perdieron la vida; con esto se confirma que le entidad veracruzana pasa por un p\u00e9simo momento de seguridad.<\/p>\n\n\n\n<p>La noche de este martes en Poza Rica fue baleada una mujer en un parador ubicado en el bulevar Central Oriente, la joven identificada como Lucero laboraba en un sitio de taxis, tras la agresi\u00f3n fue subida a un autom\u00f3vil y llevada a un hospital donde su estado de salud se reporta como grave.<\/p>\n\n\n\n<p>La ma\u00f1ana de este mi\u00e9rcoles un sujeto fue ejecutado en su domicilio ubicado en la calle Poniente 34 en el municipio de Orizaba; los hechos movilizaron a los cuerpos de seguridad quienes montaron un operativo en la colonia Salvador Gonz\u00e1lez Garc\u00eda conocida como &#8220;Cerritos&#8221;.<\/p>\n\n\n\n<p>Tambi\u00e9n este mi\u00e9rcoles por la ma\u00f1ana fue atacado a balazos el conductor de una unidad de alquiler en el municipio de Coatzintla, los hechos ocurrieron en el parador urbano ubicado sobre el bulevar Gonz\u00e1lez Ortega, justo a un costado de la estaci\u00f3n de Bomberos.<\/p>\n\n\n\n<p>Los agredidos la ma\u00f1ana de este mi\u00e9rcoles murieron al instante, mientras que la mujer baleada la noche de este martes mantiene un estado de salud delicado; en los tres casos no se ha podido dar con los responsables.<\/p>\n","protected":false},"excerpt":{"rendered":"<p>Alejandro \u00c1vila Veracruz, Ver.- Tres personas fueron baleadas en menos de 24 horas en el estado de Veracruz, dos de ellas perdieron la vida; con esto se confirma que le entidad veracruzana pasa por un p\u00e9simo momento de seguridad. La noche de este martes en Poza Rica fue baleada una mujer en un parador ubicado [&hellip;]<\/p>\n","protected":false},"author":2476,"featured_media":37115,"comment_status":"open","ping_status":"open","sticky":false,"template":"","format":"standard","meta":{"_jetpack_memberships_contains_paid_content":false,"footnotes":""},"categories":[14],"tags":[],"class_list":["post-37114","post","type-post","status-publish","format-standard","has-post-thumbnail","hentry","category-policiaca"],"jetpack_featured_media_url":"https:\/\/encuentroinformativo.com.mx\/wp-content\/uploads\/2023\/02\/IMG-20230222-WA0037.jpg","jetpack_sharing_enabled":true,"jetpack_likes_enabled":true,"amp_enabled":true,"_links":{"self":[{"href":"https:\/\/encuentroinformativo.com.mx\/index.php?rest_route=\/wp\/v2\/posts\/37114","targetHints":{"allow":["GET"]}}],"collection":[{"href":"https:\/\/encuentroinformativo.com.mx\/index.php?rest_route=\/wp\/v2\/posts"}],"about":[{"href":"https:\/\/encuentroinformativo.com.mx\/index.php?rest_route=\/wp\/v2\/types\/post"}],"author":[{"embeddable":true,"href":"https:\/\/encuentroinformativo.com.mx\/index.php?rest_route=\/wp\/v2\/users\/2476"}],"replies":[{"embeddable":true,"href":"https:\/\/encuentroinformativo.com.mx\/index.php?rest_route=%2Fwp%2Fv2%2Fcomments&post=37114"}],"version-history":[{"count":1,"href":"https:\/\/encuentroinformativo.com.mx\/index.php?rest_route=\/wp\/v2\/posts\/37114\/revisions"}],"predecessor-version":[{"id":37116,"href":"https:\/\/encuentroinformativo.com.mx\/index.php?rest_route=\/wp\/v2\/posts\/37114\/revisions\/37116"}],"wp:featuredmedia":[{"embeddable":true,"href":"https:\/\/encuentroinformativo.com.mx\/index.php?rest_route=\/wp\/v2\/media\/37115"}],"wp:attachment":[{"href":"https:\/\/encuentroinformativo.com.mx\/index.php?rest_route=%2Fwp%2Fv2%2Fmedia&parent=37114"}],"wp:term":[{"taxonomy":"category","embeddable":true,"href":"https:\/\/encuentroinformativo.com.mx\/index.php?rest_route=%2Fwp%2Fv2%2Fcategories&post=37114"},{"taxonomy":"post_tag","embeddable":true,"href":"https:\/\/encuentroinformativo.com.mx\/index.php?rest_route=%2Fwp%2Fv2%2Ftags&post=37114"}],"curies":[{"name":"wp","href":"https:\/\/api.w.org\/{rel}","templated":true}]}}