{"id":3712,"date":"2020-06-29T13:52:59","date_gmt":"2020-06-29T18:52:59","guid":{"rendered":"https:\/\/encuentroinformativo.com\/?p=3712"},"modified":"2020-06-29T13:53:01","modified_gmt":"2020-06-29T18:53:01","slug":"funcionarios-contagiados-por-covid-no-ingresan-a-registros-senala-pan","status":"publish","type":"post","link":"https:\/\/encuentroinformativo.com.mx\/?p=3712","title":{"rendered":"Funcionarios contagiados por COVID no ingresan a registros, se\u00f1ala PAN"},"content":{"rendered":"\n<p><strong>Juan Arcos <\/strong><\/p>\n\n\n\n<p>Xalapa, Ver.- El dirigente estatal del Partido Acci\u00f3n Nacional (PAN), Joaqu\u00edn Guzm\u00e1n Avil\u00e9s, indic\u00f3 que algunos funcionarios de Veracruz se han contagiado de Covid-19, pero los casos no han sido registrados en la Secretar\u00eda de Salud.<\/p>\n\n\n\n<p>El l\u00edder del albiazul refiri\u00f3 que dicha situaci\u00f3n ha ocurrido principalmente en zonas serranas o municipios muy alejados.<\/p>\n\n\n\n<p>En ese sentido, mencion\u00f3 que se desconocen los m\u00e9todos que ha implementado el Sector Salud para detectar casos positivos en esos lugares y, sobre todo, para que los pacientes accedan al tratamiento necesario.<\/p>\n\n\n\n<p>\u201cEs importante ver que en las zonas serranas no hay, inclusive, los hospitales no tienen ning\u00fan tipo de tratamiento y mucho menos tienen la forma de c\u00f3mo saber si es o no fue Covid por el cual fallecieron\u201d.<\/p>\n\n\n\n<p>Guzm\u00e1n Avil\u00e9s lament\u00f3 la muerte del alcalde de Coetzala, Gerardo Tirso Acahua Apale, y dijo tener conocimiento de que tambi\u00e9n el presidente municipal de Playa Vicente, Gabriel Antonio \u00c1lvarez L\u00f3pez, contrajo el virus pero se encuentra estable.<\/p>\n\n\n\n<p>\u201cS\u00ed hay datos de que entre los servidores p\u00fablicos ha habido enfermos de Covid y obviamente muchos de ellos no se han registrado\u201d.<\/p>\n\n\n\n<p>El Presidente del Comit\u00e9 Directivo (CDE) del PAN en Veracruz consider\u00f3 que existe un subregistro del Covid-19, toda vez que por cada fallecimiento causado por esta enfermedad hay entre ocho y diez que no se registran.<\/p>\n\n\n\n<p>\u201cEsto conlleva a que en Veracruz, si tenemos mil 500, multipl\u00edquenlo por diez, que no se est\u00e1n registrando. Ha habido casos que no se han dado cuenta\u201d.<\/p>\n\n\n\n<p>Adem\u00e1s, Guzm\u00e1n Avil\u00e9s critic\u00f3 que el sem\u00e1foro por casos de Covid haya pasado de rojo a naranja en el estado de Veracruz y, con ello, se reanuden algunas actividades.<\/p>\n\n\n\n<p><\/p>\n","protected":false},"excerpt":{"rendered":"<p>Juan Arcos Xalapa, Ver.- El dirigente estatal del Partido Acci\u00f3n Nacional (PAN), Joaqu\u00edn Guzm\u00e1n Avil\u00e9s, indic\u00f3 que algunos funcionarios de Veracruz se han contagiado de Covid-19, pero los casos no han sido registrados en la Secretar\u00eda de Salud. El l\u00edder del albiazul refiri\u00f3 que dicha situaci\u00f3n ha ocurrido principalmente en zonas serranas o municipios muy [&hellip;]<\/p>\n","protected":false},"author":1,"featured_media":3711,"comment_status":"open","ping_status":"open","sticky":false,"template":"","format":"standard","meta":{"_jetpack_memberships_contains_paid_content":false,"footnotes":""},"categories":[2],"tags":[],"class_list":["post-3712","post","type-post","status-publish","format-standard","has-post-thumbnail","hentry","category-estado"],"jetpack_featured_media_url":"https:\/\/encuentroinformativo.com.mx\/wp-content\/uploads\/2020\/06\/4DB7981C-B923-4353-9087-319B3B928BEF.jpeg","jetpack_sharing_enabled":true,"jetpack_likes_enabled":true,"amp_enabled":true,"_links":{"self":[{"href":"https:\/\/encuentroinformativo.com.mx\/index.php?rest_route=\/wp\/v2\/posts\/3712","targetHints":{"allow":["GET"]}}],"collection":[{"href":"https:\/\/encuentroinformativo.com.mx\/index.php?rest_route=\/wp\/v2\/posts"}],"about":[{"href":"https:\/\/encuentroinformativo.com.mx\/index.php?rest_route=\/wp\/v2\/types\/post"}],"author":[{"embeddable":true,"href":"https:\/\/encuentroinformativo.com.mx\/index.php?rest_route=\/wp\/v2\/users\/1"}],"replies":[{"embeddable":true,"href":"https:\/\/encuentroinformativo.com.mx\/index.php?rest_route=%2Fwp%2Fv2%2Fcomments&post=3712"}],"version-history":[{"count":1,"href":"https:\/\/encuentroinformativo.com.mx\/index.php?rest_route=\/wp\/v2\/posts\/3712\/revisions"}],"predecessor-version":[{"id":3713,"href":"https:\/\/encuentroinformativo.com.mx\/index.php?rest_route=\/wp\/v2\/posts\/3712\/revisions\/3713"}],"wp:featuredmedia":[{"embeddable":true,"href":"https:\/\/encuentroinformativo.com.mx\/index.php?rest_route=\/wp\/v2\/media\/3711"}],"wp:attachment":[{"href":"https:\/\/encuentroinformativo.com.mx\/index.php?rest_route=%2Fwp%2Fv2%2Fmedia&parent=3712"}],"wp:term":[{"taxonomy":"category","embeddable":true,"href":"https:\/\/encuentroinformativo.com.mx\/index.php?rest_route=%2Fwp%2Fv2%2Fcategories&post=3712"},{"taxonomy":"post_tag","embeddable":true,"href":"https:\/\/encuentroinformativo.com.mx\/index.php?rest_route=%2Fwp%2Fv2%2Ftags&post=3712"}],"curies":[{"name":"wp","href":"https:\/\/api.w.org\/{rel}","templated":true}]}}