{"id":37121,"date":"2023-02-22T15:34:54","date_gmt":"2023-02-22T21:34:54","guid":{"rendered":"https:\/\/encuentroinformativo.com.mx\/?p=37121"},"modified":"2023-02-22T15:34:57","modified_gmt":"2023-02-22T21:34:57","slug":"tev-niega-violencia-de-genero-por-parte-de-diputado","status":"publish","type":"post","link":"https:\/\/encuentroinformativo.com.mx\/?p=37121","title":{"rendered":"TEV niega violencia de g\u00e9nero por parte de diputado"},"content":{"rendered":"\n<p><strong>Alejandro \u00c1vila <\/strong><\/p>\n\n\n\n<p>Veracruz, Ver.- El Tribunal Electoral de Veracruz (TEV), resolvi\u00f3 confirmar el acuerdo emitido por la Comisi\u00f3n de Quejas y Denuncias del Organismo P\u00fablico Local Electoral (OPLE), por el que se declar\u00f3 improcedente adoptar medidas cautelares a favor de quien solicit\u00f3 que el diputado local del PAN, Bingen Rementer\u00eda Molina, retire una publicaci\u00f3n de su red social de Facebook, pues a su consideraci\u00f3n el contenido del mensaje no constituye violencia pol\u00edtica de g\u00e9nero.&nbsp;<\/p>\n\n\n\n<p>Cabe recordar que la Senadora, Indira Rosales hab\u00eda presentado un juicio para la protecci\u00f3n de los derechos pol\u00edtico electorales del ciudadano, radicado bajo el expediente TEV-JDC-18\/2023 el cual fue resuelto este martes por unanimidad de los integrantes del referido \u00f3rgano jurisdiccional.&nbsp;<\/p>\n\n\n\n<p>Con la resoluci\u00f3n anterior, suman ya 2 instancias las que niegan la adopci\u00f3n de medias cautelares para Rosales San Rom\u00e1n, ya que las expresiones contenidas en el material denunciado constituyen frases amparadas en la libertad de expresi\u00f3n que gozan los actores pol\u00edticos en la que se lleva a cabo una cr\u00edtica en el contexto del ejercicio de un cargo p\u00fablico.<\/p>\n","protected":false},"excerpt":{"rendered":"<p>Alejandro \u00c1vila Veracruz, Ver.- El Tribunal Electoral de Veracruz (TEV), resolvi\u00f3 confirmar el acuerdo emitido por la Comisi\u00f3n de Quejas y Denuncias del Organismo P\u00fablico Local Electoral (OPLE), por el que se declar\u00f3 improcedente adoptar medidas cautelares a favor de quien solicit\u00f3 que el diputado local del PAN, Bingen Rementer\u00eda Molina, retire una publicaci\u00f3n de [&hellip;]<\/p>\n","protected":false},"author":2476,"featured_media":37122,"comment_status":"open","ping_status":"open","sticky":false,"template":"","format":"standard","meta":{"_jetpack_memberships_contains_paid_content":false,"footnotes":""},"categories":[2],"tags":[],"class_list":["post-37121","post","type-post","status-publish","format-standard","has-post-thumbnail","hentry","category-estado"],"jetpack_featured_media_url":"https:\/\/encuentroinformativo.com.mx\/wp-content\/uploads\/2023\/02\/IMG-20230222-WA0065.jpg","jetpack_sharing_enabled":true,"jetpack_likes_enabled":true,"amp_enabled":true,"_links":{"self":[{"href":"https:\/\/encuentroinformativo.com.mx\/index.php?rest_route=\/wp\/v2\/posts\/37121","targetHints":{"allow":["GET"]}}],"collection":[{"href":"https:\/\/encuentroinformativo.com.mx\/index.php?rest_route=\/wp\/v2\/posts"}],"about":[{"href":"https:\/\/encuentroinformativo.com.mx\/index.php?rest_route=\/wp\/v2\/types\/post"}],"author":[{"embeddable":true,"href":"https:\/\/encuentroinformativo.com.mx\/index.php?rest_route=\/wp\/v2\/users\/2476"}],"replies":[{"embeddable":true,"href":"https:\/\/encuentroinformativo.com.mx\/index.php?rest_route=%2Fwp%2Fv2%2Fcomments&post=37121"}],"version-history":[{"count":1,"href":"https:\/\/encuentroinformativo.com.mx\/index.php?rest_route=\/wp\/v2\/posts\/37121\/revisions"}],"predecessor-version":[{"id":37123,"href":"https:\/\/encuentroinformativo.com.mx\/index.php?rest_route=\/wp\/v2\/posts\/37121\/revisions\/37123"}],"wp:featuredmedia":[{"embeddable":true,"href":"https:\/\/encuentroinformativo.com.mx\/index.php?rest_route=\/wp\/v2\/media\/37122"}],"wp:attachment":[{"href":"https:\/\/encuentroinformativo.com.mx\/index.php?rest_route=%2Fwp%2Fv2%2Fmedia&parent=37121"}],"wp:term":[{"taxonomy":"category","embeddable":true,"href":"https:\/\/encuentroinformativo.com.mx\/index.php?rest_route=%2Fwp%2Fv2%2Fcategories&post=37121"},{"taxonomy":"post_tag","embeddable":true,"href":"https:\/\/encuentroinformativo.com.mx\/index.php?rest_route=%2Fwp%2Fv2%2Ftags&post=37121"}],"curies":[{"name":"wp","href":"https:\/\/api.w.org\/{rel}","templated":true}]}}