{"id":37130,"date":"2023-02-22T16:05:41","date_gmt":"2023-02-22T22:05:41","guid":{"rendered":"https:\/\/encuentroinformativo.com.mx\/?p=37130"},"modified":"2023-02-22T16:05:44","modified_gmt":"2023-02-22T22:05:44","slug":"conflicto-entre-particulares-genero-bloqueo-en-chedraui-caram","status":"publish","type":"post","link":"https:\/\/encuentroinformativo.com.mx\/?p=37130","title":{"rendered":"Conflicto entre particulares, gener\u00f3 bloqueo en Chedraui Caram"},"content":{"rendered":"\n<p><strong>Juan Arcos <\/strong><\/p>\n\n\n\n<p>Xalapa, Ver.- Los due\u00f1os de un predio protestaron y cerraron la avenida Antonio Chedraui Caram, a la altura de la laguna de Casa Blanca, en esta ciudad de Xalapa, por conflicto entre particulares.<\/p>\n\n\n\n<p>Despu\u00e9s de la una de la tarde de este mi\u00e9rcoles 22 de febrero, los quejosos afectaron vialidad en la carretera que comunica a la capital del estado con la congregaci\u00f3n El Castillo y otros municipios, como Actopan y Alto Lucero.<\/p>\n\n\n\n<p>Esto por un litigio que emprendieron los propietarios del terreno contra los encargados de un tianguis de veh\u00edculos que se encontraba en el sitio.<\/p>\n\n\n\n<p>Fue alrededor de las dos de la tarde cuando los manifestantes liberaron un carril para evitar una mayor afectaci\u00f3n a terceras personas.<\/p>\n\n\n\n<p>Se observ\u00f3 una gran fila de veh\u00edculos que quedaron atorados en la zona a causa de esta protesta y bloqueo carretero, lo que molest\u00f3 a decenas de automovilistas.<\/p>\n\n\n\n<p>Los inconformes dieron a conocer que su padre hab\u00eda rentado el predio a particulares para la instalaci\u00f3n del tianguis de veh\u00edculos.<\/p>\n\n\n\n<p>Sin embargo, el contrato perdi\u00f3 vigencia y el se\u00f1or falleci\u00f3, quedando como propietarios los hijos, quienes ahora tienen otros proyectos en el lugar.<\/p>\n\n\n\n<p>Posteriormente, los nuevos due\u00f1os iniciaron y ganaron un juicio, y adem\u00e1s contrataron a un elemento del Instituto de la Polic\u00eda Auxiliar y Protecci\u00f3n Patrimonial para el Estado de Veracruz (IPAX), para el resguardo del terreno.<\/p>\n\n\n\n<p>Los encargados del tianguis se presentaron en el sitio, intentaron ingresar y agredieron al polic\u00eda que les imped\u00eda el acceso.<\/p>\n\n\n\n<p>Esto ocasion\u00f3 que los due\u00f1os se manifestaran para solicitar la presencia de las autoridades y as\u00ed evitar un mayor conflicto.<\/p>\n\n\n\n<p>Al lugar arribaron elementos de la Polic\u00eda Municipal y elementos de la Direcci\u00f3n General de Tr\u00e1nsito y Seguridad Vial, para garantizar el orden y agilizar la vialidad.<\/p>\n","protected":false},"excerpt":{"rendered":"<p>Juan Arcos Xalapa, Ver.- Los due\u00f1os de un predio protestaron y cerraron la avenida Antonio Chedraui Caram, a la altura de la laguna de Casa Blanca, en esta ciudad de Xalapa, por conflicto entre particulares. Despu\u00e9s de la una de la tarde de este mi\u00e9rcoles 22 de febrero, los quejosos afectaron vialidad en la carretera [&hellip;]<\/p>\n","protected":false},"author":2476,"featured_media":37131,"comment_status":"open","ping_status":"open","sticky":false,"template":"","format":"standard","meta":{"_jetpack_memberships_contains_paid_content":false,"footnotes":""},"categories":[3],"tags":[],"class_list":["post-37130","post","type-post","status-publish","format-standard","has-post-thumbnail","hentry","category-xalapa"],"jetpack_featured_media_url":"https:\/\/encuentroinformativo.com.mx\/wp-content\/uploads\/2023\/02\/IMG_4226.jpg","jetpack_sharing_enabled":true,"jetpack_likes_enabled":true,"amp_enabled":true,"_links":{"self":[{"href":"https:\/\/encuentroinformativo.com.mx\/index.php?rest_route=\/wp\/v2\/posts\/37130","targetHints":{"allow":["GET"]}}],"collection":[{"href":"https:\/\/encuentroinformativo.com.mx\/index.php?rest_route=\/wp\/v2\/posts"}],"about":[{"href":"https:\/\/encuentroinformativo.com.mx\/index.php?rest_route=\/wp\/v2\/types\/post"}],"author":[{"embeddable":true,"href":"https:\/\/encuentroinformativo.com.mx\/index.php?rest_route=\/wp\/v2\/users\/2476"}],"replies":[{"embeddable":true,"href":"https:\/\/encuentroinformativo.com.mx\/index.php?rest_route=%2Fwp%2Fv2%2Fcomments&post=37130"}],"version-history":[{"count":1,"href":"https:\/\/encuentroinformativo.com.mx\/index.php?rest_route=\/wp\/v2\/posts\/37130\/revisions"}],"predecessor-version":[{"id":37132,"href":"https:\/\/encuentroinformativo.com.mx\/index.php?rest_route=\/wp\/v2\/posts\/37130\/revisions\/37132"}],"wp:featuredmedia":[{"embeddable":true,"href":"https:\/\/encuentroinformativo.com.mx\/index.php?rest_route=\/wp\/v2\/media\/37131"}],"wp:attachment":[{"href":"https:\/\/encuentroinformativo.com.mx\/index.php?rest_route=%2Fwp%2Fv2%2Fmedia&parent=37130"}],"wp:term":[{"taxonomy":"category","embeddable":true,"href":"https:\/\/encuentroinformativo.com.mx\/index.php?rest_route=%2Fwp%2Fv2%2Fcategories&post=37130"},{"taxonomy":"post_tag","embeddable":true,"href":"https:\/\/encuentroinformativo.com.mx\/index.php?rest_route=%2Fwp%2Fv2%2Ftags&post=37130"}],"curies":[{"name":"wp","href":"https:\/\/api.w.org\/{rel}","templated":true}]}}