{"id":3714,"date":"2020-06-29T14:10:21","date_gmt":"2020-06-29T19:10:21","guid":{"rendered":"https:\/\/encuentroinformativo.com\/?p=3714"},"modified":"2020-06-29T14:10:23","modified_gmt":"2020-06-29T19:10:23","slug":"por-afectaciones-con-lluvias-colonos-reclaman-apoyo-para-viviendas","status":"publish","type":"post","link":"https:\/\/encuentroinformativo.com.mx\/?p=3714","title":{"rendered":"Por afectaciones con lluvias, colonos reclaman apoyo para viviendas"},"content":{"rendered":"\n<p><strong>Juan Arcos <\/strong><\/p>\n\n\n\n<p>Xalapa, Ver.- Decenas de vecinos del fraccionamiento Bugambilias del Sumidero marcharon en el centro de la ciudad, para exigir al ayuntamiento la rehabilitaci\u00f3n de sus casas que fueron afectadas por las recientes lluvias.<\/p>\n\n\n\n<p>Los colonos se concentraron en la Plazuela del Carb\u00f3n y, posteriormente, caminaron sobre la calle Doctor Rafael Lucio con direcci\u00f3n al Palacio Municipal para que sus demandas fuesen escuchadas.<\/p>\n\n\n\n<p>De acuerdo con Carlos Hern\u00e1ndez Arriaga, presidente de Frente Veracruzano Social (Frevesol), personal de Protecci\u00f3n Civil municipal realiz\u00f3 una supervisi\u00f3n de los da\u00f1os a sus viviendas y se comprometi\u00f3 a ayudarlos para recuperar muebles y otros art\u00edculos que se da\u00f1aron por inundaciones.<\/p>\n\n\n\n<p>Sin embargo, hasta el momento, no les han informado de qu\u00e9 manera ser\u00e1n apoyados por el gobierno municipal.<\/p>\n\n\n\n<p>El entrevistado mencion\u00f3 que algunos cuartos de viviendas quedaron bajo el agua y, en algunos casos, brotaron aguas negras en sus sanitarios.<\/p>\n\n\n\n<p>Se trata de m\u00e1s de 15 viviendas donde el agua alcanz\u00f3 el metro, da\u00f1ando las pertenencias de los pobladores.<\/p>\n\n\n\n<p>Hern\u00e1ndez Arriaga record\u00f3 que al inicio de la administraci\u00f3n municipal les prometieron un colector pluvial en dicha colonia; sin embargo, solo ingresaron una tuber\u00eda de peque\u00f1as dimensiones.<\/p>\n\n\n\n<p>\u201cComprometi\u00e9ndose a que iban a hacer una segunda etapa y hasta el d\u00eda de hoy no lo han hecho\u201d, remat\u00f3 el dirigente de Frevesol.<\/p>\n\n\n\n<p><\/p>\n\n\n\n<p><\/p>\n","protected":false},"excerpt":{"rendered":"<p>Juan Arcos Xalapa, Ver.- Decenas de vecinos del fraccionamiento Bugambilias del Sumidero marcharon en el centro de la ciudad, para exigir al ayuntamiento la rehabilitaci\u00f3n de sus casas que fueron afectadas por las recientes lluvias. Los colonos se concentraron en la Plazuela del Carb\u00f3n y, posteriormente, caminaron sobre la calle Doctor Rafael Lucio con direcci\u00f3n [&hellip;]<\/p>\n","protected":false},"author":1,"featured_media":3715,"comment_status":"open","ping_status":"open","sticky":false,"template":"","format":"standard","meta":{"_jetpack_memberships_contains_paid_content":false,"footnotes":""},"categories":[3],"tags":[],"class_list":["post-3714","post","type-post","status-publish","format-standard","has-post-thumbnail","hentry","category-xalapa"],"jetpack_featured_media_url":"https:\/\/encuentroinformativo.com.mx\/wp-content\/uploads\/2020\/06\/4FB76B15-068E-4C7F-9FDE-19B8F973EBB2.jpeg","jetpack_sharing_enabled":true,"jetpack_likes_enabled":true,"amp_enabled":true,"_links":{"self":[{"href":"https:\/\/encuentroinformativo.com.mx\/index.php?rest_route=\/wp\/v2\/posts\/3714","targetHints":{"allow":["GET"]}}],"collection":[{"href":"https:\/\/encuentroinformativo.com.mx\/index.php?rest_route=\/wp\/v2\/posts"}],"about":[{"href":"https:\/\/encuentroinformativo.com.mx\/index.php?rest_route=\/wp\/v2\/types\/post"}],"author":[{"embeddable":true,"href":"https:\/\/encuentroinformativo.com.mx\/index.php?rest_route=\/wp\/v2\/users\/1"}],"replies":[{"embeddable":true,"href":"https:\/\/encuentroinformativo.com.mx\/index.php?rest_route=%2Fwp%2Fv2%2Fcomments&post=3714"}],"version-history":[{"count":1,"href":"https:\/\/encuentroinformativo.com.mx\/index.php?rest_route=\/wp\/v2\/posts\/3714\/revisions"}],"predecessor-version":[{"id":3716,"href":"https:\/\/encuentroinformativo.com.mx\/index.php?rest_route=\/wp\/v2\/posts\/3714\/revisions\/3716"}],"wp:featuredmedia":[{"embeddable":true,"href":"https:\/\/encuentroinformativo.com.mx\/index.php?rest_route=\/wp\/v2\/media\/3715"}],"wp:attachment":[{"href":"https:\/\/encuentroinformativo.com.mx\/index.php?rest_route=%2Fwp%2Fv2%2Fmedia&parent=3714"}],"wp:term":[{"taxonomy":"category","embeddable":true,"href":"https:\/\/encuentroinformativo.com.mx\/index.php?rest_route=%2Fwp%2Fv2%2Fcategories&post=3714"},{"taxonomy":"post_tag","embeddable":true,"href":"https:\/\/encuentroinformativo.com.mx\/index.php?rest_route=%2Fwp%2Fv2%2Ftags&post=3714"}],"curies":[{"name":"wp","href":"https:\/\/api.w.org\/{rel}","templated":true}]}}