{"id":37152,"date":"2023-02-23T09:38:19","date_gmt":"2023-02-23T15:38:19","guid":{"rendered":"https:\/\/encuentroinformativo.com.mx\/?p=37152"},"modified":"2023-02-23T09:38:23","modified_gmt":"2023-02-23T15:38:23","slug":"los-narcopresidentes-panistas-y-el-muy-amigo-de-yunes-linares","status":"publish","type":"post","link":"https:\/\/encuentroinformativo.com.mx\/?p=37152","title":{"rendered":"LOS NARCOPRESIDENTES PANISTAS Y EL \u201cMUY AMIGO\u201d DE YUNES LINARES"},"content":{"rendered":"\n<p><strong>ColumnaSinNombre<br>@pablojair<\/strong><\/p>\n\n\n\n<ul class=\"wp-block-list\"><li>La ingratitud de SSP hacia un legendario jefe policiaco.<\/li><li>El alcalde al que le dio \u201cweba\u201d firmar nuevas tarifas de luz.<\/li><li>Planta de Tesla podr\u00eda ir al AIFA o al Corredor Interoce\u00e1nico<\/li><\/ul>\n\n\n\n<p>Ojal\u00e1 que en el hackeo al Bur\u00f3 de Cr\u00e9dito<br>hayan borrado mi deuda, Diosito<br>\u2014Chopenjawer con mucha fe<\/p>\n\n\n\n<p>Hace algunos a\u00f1os, un periodista tabasque\u00f1o comentaba en su columna que la fuga del \u201cChapo\u201d (la primera vez, del penal de Puente Grande) era un posible arreglo entre el narcotraficante y el gobierno del entonces presidente Vicente Fox para as\u00ed liberar al capo y que \u00e9ste ayudara a combatir a los dem\u00e1s c\u00e1rteles que se estaban volviendo un dolor de cabeza.<\/p>\n\n\n\n<p>\u201cPara que la cu\u00f1a apriete, debe ser del mismo palo\u201d, dec\u00eda.<\/p>\n\n\n\n<p>En ese entonces, el grupo delictivo m\u00e1s violento era el de Osiel C\u00e1rdenas Guill\u00e9n, quien comandaba el \u201cC\u00e1rtel de Golfo\u201d, una de las mafias m\u00e1s antiguas del pa\u00eds, cuyos antecedentes est\u00e1n en Tamaulipas desde la \u00e9poca de la prohibici\u00f3n del alcohol en Estados Unidos.<\/p>\n\n\n\n<p>El brazo armado del \u201cC\u00e1rtel de Golfo\u201d eran \u201cLos Zetas\u201d, que originalmente s\u00f3lo se encargaban de la seguridad personal de C\u00e1rdenas Guill\u00e9n o hac\u00edan trabajos \u201cespeciales\u201d para combatir a sus rivales. Posteriormente, \u201cLos Zetas\u201d crear\u00edan su propia organizaci\u00f3n y se convertir\u00eda en uno de los grupos m\u00e1s sangrientos que domin\u00f3 buena parte del pa\u00eds.<\/p>\n\n\n\n<p>No es nueva esa estrategia de los gobiernos para negociar con los enemigos del c\u00e1rtel m\u00e1s poderoso y as\u00ed tumbar capos de la talla de Pablo Escobar Gaviria, dirigente del C\u00e1rtel de Medell\u00edn (en este caso, fueron los hermanos Rodr\u00edguez Orejuela, del C\u00e1rtel de Cali). En el caso de M\u00e9xico, tambi\u00e9n han habido casos donde los propios narcos ponen a sus rivales para quitarlos de su zona de influencia y hacerse del control de territorios.<\/p>\n\n\n\n<p>De la primera fuga del Chapo se ha hablado hasta el cansancio que recibi\u00f3 ayuda interna del gobierno, pero todo ha quedado en el anecdotario period\u00edstico. A quien se\u00f1alan constantemente es a Enrique P\u00e9rez Rodr\u00edguez, ex secretario de Educaci\u00f3n de Veracruz en el bienio pasado gobernado por Miguel \u00c1ngel Yunes Linares, y quien esa \u00e9poca era alto funcionario de las c\u00e1rceles federales en el pa\u00eds. Que \u00e9l habr\u00eda ayudado a escapar al \u201cChapo\u201d de Puente Grande, pero nunca se ha comprobado y mucho menos se le ha castigado por eso.<\/p>\n\n\n\n<p>Lo que ya no hay duda \u2014y ya lo podemos confirmar con el tiempo que ha pasado\u2014 es que durante el tiempo en que los panistas estuvieron en el poder presidencial con Fox y Calder\u00f3n (donde tambi\u00e9n estuvo como parte del gabinete el ex gobernador veracruzano) siempre se protegi\u00f3 al C\u00e1rtel del Pac\u00edfico, que a su vez tambi\u00e9n se fue desmenuzando y convirti\u00e9ndose en grupos como el de Sinaloa, Los Beltr\u00e1n, Chapitos, el del \u201cMayo\u201d, el de Jalisco, entre otros.<\/p>\n\n\n\n<p>En Veracruz una constante que se comentaba entre polic\u00edas y periodistas de la nota roja (en los momentos m\u00e1s \u00e1lgidos de la violencia) era la obviedad con la que se proteg\u00eda al C\u00e1rtel del Pac\u00edfico o a grupos como los mencionados anteriormente. Que primero entraban las fuerzas armadas a arrasar contra los rivales como \u201cLos Zetas\u201d y detr\u00e1s de ellos llegaban los \u201cnuevos due\u00f1os de la plaza\u201d a plantar su bandera, con la protecci\u00f3n de autoridades federales y locales.<\/p>\n\n\n\n<p>El juicio a Genaro Garc\u00eda Luna en Estados Unidos y su veredicto de culpabilidad finalmente confirm\u00f3 esa hip\u00f3tesis y no es para menos: quien llevaba la estrategia de seguridad e inteligencia era el poderoso secretario de Seguridad P\u00fablica del panismo, que ahora se sabe s\u00ed ayud\u00f3 y protegi\u00f3 al narcotr\u00e1fico mientras estuvo en el gobierno federal.<\/p>\n\n\n\n<p>Garc\u00eda Luna, el hombre que mov\u00eda los hilos policiacos en todo el pa\u00eds; es absurdo pensar que Fox o Calder\u00f3n no sab\u00edan lo que su alto funcionario estaba haciendo.<\/p>\n\n\n\n<p>Quien ya puso el dedo en la llaga fue el propio presidente L\u00f3pez Obrador, desde su conferencia \u201cma\u00f1anera\u201d, mandando el mensaje de que Garc\u00eda Luna pod\u00eda ser testigo en EU, cuestionando si Fox o Calder\u00f3n tambi\u00e9n estaban dentro de ese mismo esquema corrupto.<\/p>\n\n\n\n<p>Insisto: suena bastante il\u00f3gico que los presidentes panistas no supieran lo que su \u201csuperpolic\u00eda\u201d estaba haciendo; por lo menos son responsables de omisi\u00f3n, pero seguramente saben m\u00e1s de lo que hac\u00eda u ordenaban a Garc\u00eda Luna.<\/p>\n\n\n\n<p>De lo que s\u00ed son evidentemente culpables, es de que se hicieron y se hacen pendej*s.<\/p>\n\n\n\n<p>Otro que seguramente lo conoce muy bien, porque es muy amigo suyo (as\u00ed lo dijo) es el ex gobernador de Veracruz, Miguel \u00c1ngel Yunes Linares, quien siendo mandatario electo, tuvo una comida con el hoy preso en Estados Unidos.<\/p>\n\n\n\n<p>Las declaraciones fueron retomadas por muchos medios en junio de 2016. Sus revelaciones las hizo en su entonces casa de campa\u00f1a: \u201cDesde luego que Garc\u00eda Luna es muy amigo m\u00edo desde hace muchos a\u00f1os, trabajamos juntos cuando yo fui primero titular de la Secretar\u00eda de Prevenci\u00f3n y de Readaptaci\u00f3n Social, \u00e9l trabaja en Gobernaci\u00f3n tambi\u00e9n (\u2026) Posteriormente fuimos compa\u00f1eros en el sexenio de Felipe Calder\u00f3n, en el un \u00e1rea de Seguridad P\u00fablica y yo en un \u00e1rea de Seguridad Social y mantenemos una gran relaci\u00f3n, somos muy buenos amigos\u201d.<\/p>\n\n\n\n<p>\u201cTuvimos una reuni\u00f3n, una comida, en un restaurante de la Ciudad de M\u00e9xico, una comida muy grata, con alguien que conozco, que conoce temas de seguridad. Tiene muy claro, muy, muy claro lo que se tiene que hacer en materia de tecnolog\u00eda, por ejemplo\u201d.<\/p>\n\n\n\n<p>Yunes record\u00f3 en ese entonces que \u00e9l solo se acercaba a personas que saben y tienen experiencias y conocimientos pero que Garc\u00eda Luna no estaba invitado a ser parte del gabinete: \u201cfue una reuni\u00f3n de amigos, en la que \u00fanicamente hablamos de la cuesti\u00f3n de seguridad\u201d.<\/p>\n\n\n\n<p>El presidente L\u00f3pez Obrador tambi\u00e9n ha comentado sobre la relaci\u00f3n de Yunes y Garc\u00eda Luna: el 20 de enero, en una conferencia \u201cma\u00f1anera\u201d, fue cuestionado sobre la relaci\u00f3n, pero fue muy cauto: \u201cno podemos hacer juicios a priori\u201d, subray\u00f3.<\/p>\n\n\n\n<p>\u2014Pero \u00bfqu\u00e9 pasar\u00e1 con el exgobernador de Veracruz, Miguel \u00c1ngel Yunes?\u2014 le preguntaron.<br>\u2014Pues vamos a ver si est\u00e1 involucrado o no. Pero no s\u00f3lo con el gobernador de Veracruz, yo plante\u00e9 abiertamente lo del expresidente Felipe Calder\u00f3n, y manej\u00e9 tres hip\u00f3tesis y las sostengo (\u2026) Entonces, no es nada m\u00e1s Yunes, es que esto tiene que ver con un asunto mayor. Porque tambi\u00e9n va a salir a relucir la vinculaci\u00f3n con las agencias extranjeras, el papel de la DEA, de la CIA, del gobierno estadounidense, porque tengo entendido que lo premiaban (a Garc\u00eda Luna) y llevaba a cabo acuerdos con autoridades de Estados Unidos.<\/p>\n\n\n\n<p>Lo de Garc\u00eda Luna aparentemente tiene mucho para rascarle y hundir a varios personajes del panismo de esa \u00e9poca tan nefasta; falta ver si, como \u201cEl Chapo\u201d, el \u201csuperpolic\u00eda\u201d decide mejor guardar silencio y esperar su sentencia, que podr\u00eda ser de por vida.<\/p>\n\n\n\n<p>Como dice AMLO: esto tiene que ver con un asunto mayor.<\/p>\n\n\n\n<p><strong>FE DE ERRATAS: <\/strong>Nayib Bukele es presidente de El Salvador. En la pasada columna, por un lapsus, puse que era presidente de Guatemala. Ya sabe: la edad y el Jack Daniel\u2019s.<\/p>\n\n\n\n<p><strong>NOTA PARA PEGAR EN EL REFRI: <\/strong>Hace 5 a\u00f1os falleci\u00f3 el legendario jefe policiaco Alfonso Lara Montero, uno de los fundadores y pilares de la Secretar\u00eda de Seguridad P\u00fablica de Veracruz, pero como ese oficio es muy ingrato, nadie se acuerda de quien lleg\u00f3 a pacificar el estado durante varias d\u00e9cadas. Es m\u00e1s, pocos polic\u00edas de las nuevas generaciones conocen la propia historia de c\u00f3mo se form\u00f3 la SSP y sus or\u00edgenes como polic\u00eda rural y luego como Direcci\u00f3n General de Seguridad P\u00fablica\u2026 S\u00ed, Lara Montero ten\u00eda una reputaci\u00f3n de ser un \u201cbad modafoca\u201d bien hecho, pero al final de cuentas ni modo que pongas a un enclenque sin liderazgo a dirigir a la polic\u00eda de Veracruz\u2026 Ahora la Secretar\u00eda de Seguridad P\u00fablica se desdibuja entre estupideces y payasadas como la del pasado secretario que quiso agarrarse a golpes con otro del gabinete o la de catalogar como \u201cgenerador de violencia\u201d al alcalde de R\u00edo Blanco (recientemente detenido), siendo corregidos por el propio gobernador Cuitl\u00e1huac Garc\u00eda Jim\u00e9nez en reciente conferencia de prensa\u2026 \u00a1Si supiera, Don Alfonso, el despapaye que se traen! Por cierto, sal\u00fademe a Don C\u00e9sar y d\u00edgale que se le extra\u00f1a mucho.<\/p>\n\n\n\n<p><strong>OTRA NOTA:<\/strong> Lo platica un muy querido amigo sure\u00f1o, sobre lo que coment\u00e9 en la pasada columna sobre las tarifas de luz que podr\u00edan ser reclasificadas en Veracruz y la lucha que comenz\u00f3 hace poco m\u00e1s de 20 a\u00f1os en Coatzacoalcos: \u201cTony Williams (el empresario que encabez\u00f3 el movimiento) s\u00ed logr\u00f3 bajar la clasificaci\u00f3n de B a C en toda la regi\u00f3n; Coatza, Las Choapas, menos Agua Dulce, porque al alcalde de esa \u00e9poca del PRD, Jorge Luis P\u00e9rez Le\u00f3n, le dio weba ir a Villahermosa a firmar el documento; por lo que Agua Dulce paga tarifa B como si tuvi\u00e9ramos el clima de Cuernavaca\u201d\u2026 No cabe duda de que los hay, los hay.<\/p>\n\n\n\n<p><strong>LA \u00daLTIMA PORQUE ORGANIZANDO VIDA: <\/strong>Hasta el momento Perote y el puerto de Veracruz ya levantaron la mano para pedir que instale la codiciada planta de Tesla en sus respectivos municipios. El diputado de Perote, Paul Mart\u00ednez, justific\u00f3 diciendo que ah\u00ed hay un clima privilegiado, hay extensiones de tierra suficientes y la mejor ubicaci\u00f3n geogr\u00e1fica por su cercan\u00eda a la capital del estado, la Ciudad de M\u00e9xico y Puebla. Record\u00f3 que tambi\u00e9n en su momento, la empresa alemana Volkswagen se interes\u00f3 por invertir, pero lamentablemente los gobiernos anteriores espantaron la inversi\u00f3n\u2026 En el caso del puerto de Veracruz, pues sobra decir que es el puerto m\u00e1s importante del Golfo de M\u00e9xico y que tiene una reconocida capacidad en el manejo log\u00edstico de los autom\u00f3viles nuevos que llegan de diversas partes del mundo\u2026 Habr\u00eda que apuntar que el propio presidente Andr\u00e9s Manuel L\u00f3pez Obrador es el que est\u00e1 interviniendo para que la planta de la automotriz se instale en territorio cercano al Aeropuerto Internacional Felipe \u00c1ngeles (AIFA), lo que elevar\u00eda su productividad y afianzar\u00eda su posici\u00f3n como terminal a\u00e9rea global\u2026 Otra versi\u00f3n indica que AMLO buscar\u00eda que se instale dicha planta en territorio del Corredor Interoce\u00e1nico, la magna obra del Istmo de Tehuantepec, que une a los oc\u00e9anos Atl\u00e1ntico y Pac\u00edfico, para darle uso a sus parques industriales\u2026 Ya sea el AIFA o el Corredor, pero si se instala en alguno de estos lares, la planta de Tesla se convertir\u00eda en un huevote de la 4T para cacarear a todo pulm\u00f3n.<\/p>\n","protected":false},"excerpt":{"rendered":"<p>ColumnaSinNombre@pablojair La ingratitud de SSP hacia un legendario jefe policiaco. El alcalde al que le dio \u201cweba\u201d firmar nuevas tarifas de luz. Planta de Tesla podr\u00eda ir al AIFA o al Corredor Interoce\u00e1nico Ojal\u00e1 que en el hackeo al Bur\u00f3 de Cr\u00e9ditohayan borrado mi deuda, Diosito\u2014Chopenjawer con mucha fe Hace algunos a\u00f1os, un periodista tabasque\u00f1o [&hellip;]<\/p>\n","protected":false},"author":2476,"featured_media":488,"comment_status":"open","ping_status":"open","sticky":false,"template":"","format":"standard","meta":{"_jetpack_memberships_contains_paid_content":false,"footnotes":""},"categories":[11],"tags":[],"class_list":["post-37152","post","type-post","status-publish","format-standard","has-post-thumbnail","hentry","category-opinion"],"jetpack_featured_media_url":"https:\/\/encuentroinformativo.com.mx\/wp-content\/uploads\/2020\/03\/F471F608-BA1A-416B-BA7B-BCFB24F4E6D0.jpeg","jetpack_sharing_enabled":true,"jetpack_likes_enabled":true,"amp_enabled":true,"_links":{"self":[{"href":"https:\/\/encuentroinformativo.com.mx\/index.php?rest_route=\/wp\/v2\/posts\/37152","targetHints":{"allow":["GET"]}}],"collection":[{"href":"https:\/\/encuentroinformativo.com.mx\/index.php?rest_route=\/wp\/v2\/posts"}],"about":[{"href":"https:\/\/encuentroinformativo.com.mx\/index.php?rest_route=\/wp\/v2\/types\/post"}],"author":[{"embeddable":true,"href":"https:\/\/encuentroinformativo.com.mx\/index.php?rest_route=\/wp\/v2\/users\/2476"}],"replies":[{"embeddable":true,"href":"https:\/\/encuentroinformativo.com.mx\/index.php?rest_route=%2Fwp%2Fv2%2Fcomments&post=37152"}],"version-history":[{"count":1,"href":"https:\/\/encuentroinformativo.com.mx\/index.php?rest_route=\/wp\/v2\/posts\/37152\/revisions"}],"predecessor-version":[{"id":37153,"href":"https:\/\/encuentroinformativo.com.mx\/index.php?rest_route=\/wp\/v2\/posts\/37152\/revisions\/37153"}],"wp:featuredmedia":[{"embeddable":true,"href":"https:\/\/encuentroinformativo.com.mx\/index.php?rest_route=\/wp\/v2\/media\/488"}],"wp:attachment":[{"href":"https:\/\/encuentroinformativo.com.mx\/index.php?rest_route=%2Fwp%2Fv2%2Fmedia&parent=37152"}],"wp:term":[{"taxonomy":"category","embeddable":true,"href":"https:\/\/encuentroinformativo.com.mx\/index.php?rest_route=%2Fwp%2Fv2%2Fcategories&post=37152"},{"taxonomy":"post_tag","embeddable":true,"href":"https:\/\/encuentroinformativo.com.mx\/index.php?rest_route=%2Fwp%2Fv2%2Ftags&post=37152"}],"curies":[{"name":"wp","href":"https:\/\/api.w.org\/{rel}","templated":true}]}}