{"id":37154,"date":"2023-02-23T09:54:32","date_gmt":"2023-02-23T15:54:32","guid":{"rendered":"https:\/\/encuentroinformativo.com.mx\/?p=37154"},"modified":"2023-02-23T09:54:36","modified_gmt":"2023-02-23T15:54:36","slug":"jornadas-alimentarias-un-respiro-para-veracruzanos-diputada","status":"publish","type":"post","link":"https:\/\/encuentroinformativo.com.mx\/?p=37154","title":{"rendered":"Jornadas Alimentarias un respiro para veracruzanos: Diputada"},"content":{"rendered":"\n<p><strong>Alejandro \u00c1vila<\/strong><\/p>\n\n\n\n<p>Veracruz, Ver.- La diputada local, Anil\u00fa Ingram Vallines se\u00f1al\u00f3 que las <strong>Jornadas de Carne a Bajo Costo<\/strong> que a llevado a las colonias del municipio han incrementado en su demanda, debido a que los ciudadanos le externa su preocupaci\u00f3n por el aumento en la canasta b\u00e1sica.<\/p>\n\n\n\n<p>La priista se\u00f1al\u00f3 que a trav\u00e9s de sus redes sociales ha recibido diversas invitaciones, por lo cual, en 2023 se contempla ampliar este proyecto a otros municipios de la entidad veracruzana e incluso llevar otros productos a bajo costo.<\/p>\n\n\n\n<p>&#8220;Lo que manifiesta la gente y por ello la gran demanda de las jornadas alimentarias de carne a bajo costo, es que no les alcanza, que el dinero no da, y que ya comer carne sea de cerdo o de res es un privilegio, la cuesta de enero pr\u00e1cticamente se ha extendido hasta febrero, la gente lo ha sentido mucho en sus bolsillos, y por eso nosotros no vamos a parar en estas jornadas de carne a bajo costo, llevarla a diferentes puntos de Veracruz, as\u00ed no los pide la gente, as\u00ed lo necesita la gente&#8221;, refut\u00f3.<\/p>\n\n\n\n<p>Tan solo en la \u00faltima semana, destac\u00f3 que el huevo alcanz\u00f3 su precio m\u00e1s alto, con un incremento del 13.5 por ciento, seg\u00fan las cifras de la Secretar\u00eda de Econom\u00eda.<\/p>\n\n\n\n<p>Asimismo el Coneval se\u00f1ala que para alimentar a una familia de 4 integrantes en la zona metropolitana se requieren m\u00e1s de 8 mil 500 pesos y en la zona rural, alrededor de 6 mil 500 pesos, lo cual resulta incosteable para muchos.<\/p>\n\n\n\n<p>&#8220;Necesidades hay muchas, como la falta de medicamentos, que esto es un tema que lastima, que cala, que lacera a la gente, porque van y acuden a un Centro de Salud acuden a un Hospital y no hay ni lo b\u00e1sico para poderlos atender, y es prioritario el tema de salud, el tema de seguridad tambi\u00e9n es un tema que lastima much\u00edsimo a la sociedad, lo acabamos de ver con este lamentable \u00faltimo femicidio con esta chica alumna de la Universidad Veracruzana&#8221;, subray\u00f3.<\/p>\n\n\n\n<p>Finalmente, la diputada local, explic\u00f3 que el reciente incremento en el costo de las tarifas de las casetas en algunos puntos del estado, tambi\u00e9n tendr\u00e1 impacto en los precios de los productos debido al encarecimiento de los traslados, por lo que aunque estas jornadas alimentarias no solucionan todos los problemas econ\u00f3micos familiares, s\u00ed sirven para aligerar la carga y que muchas familias puedan tener una mejor alimentaci\u00f3n en sus hogares.<\/p>\n","protected":false},"excerpt":{"rendered":"<p>Alejandro \u00c1vila Veracruz, Ver.- La diputada local, Anil\u00fa Ingram Vallines se\u00f1al\u00f3 que las Jornadas de Carne a Bajo Costo que a llevado a las colonias del municipio han incrementado en su demanda, debido a que los ciudadanos le externa su preocupaci\u00f3n por el aumento en la canasta b\u00e1sica. La priista se\u00f1al\u00f3 que a trav\u00e9s de [&hellip;]<\/p>\n","protected":false},"author":2476,"featured_media":37155,"comment_status":"open","ping_status":"open","sticky":false,"template":"","format":"standard","meta":{"_jetpack_memberships_contains_paid_content":false,"footnotes":""},"categories":[2],"tags":[],"class_list":["post-37154","post","type-post","status-publish","format-standard","has-post-thumbnail","hentry","category-estado"],"jetpack_featured_media_url":"https:\/\/encuentroinformativo.com.mx\/wp-content\/uploads\/2023\/02\/IMG-20230223-WA00192.jpg","jetpack_sharing_enabled":true,"jetpack_likes_enabled":true,"amp_enabled":true,"_links":{"self":[{"href":"https:\/\/encuentroinformativo.com.mx\/index.php?rest_route=\/wp\/v2\/posts\/37154","targetHints":{"allow":["GET"]}}],"collection":[{"href":"https:\/\/encuentroinformativo.com.mx\/index.php?rest_route=\/wp\/v2\/posts"}],"about":[{"href":"https:\/\/encuentroinformativo.com.mx\/index.php?rest_route=\/wp\/v2\/types\/post"}],"author":[{"embeddable":true,"href":"https:\/\/encuentroinformativo.com.mx\/index.php?rest_route=\/wp\/v2\/users\/2476"}],"replies":[{"embeddable":true,"href":"https:\/\/encuentroinformativo.com.mx\/index.php?rest_route=%2Fwp%2Fv2%2Fcomments&post=37154"}],"version-history":[{"count":1,"href":"https:\/\/encuentroinformativo.com.mx\/index.php?rest_route=\/wp\/v2\/posts\/37154\/revisions"}],"predecessor-version":[{"id":37156,"href":"https:\/\/encuentroinformativo.com.mx\/index.php?rest_route=\/wp\/v2\/posts\/37154\/revisions\/37156"}],"wp:featuredmedia":[{"embeddable":true,"href":"https:\/\/encuentroinformativo.com.mx\/index.php?rest_route=\/wp\/v2\/media\/37155"}],"wp:attachment":[{"href":"https:\/\/encuentroinformativo.com.mx\/index.php?rest_route=%2Fwp%2Fv2%2Fmedia&parent=37154"}],"wp:term":[{"taxonomy":"category","embeddable":true,"href":"https:\/\/encuentroinformativo.com.mx\/index.php?rest_route=%2Fwp%2Fv2%2Fcategories&post=37154"},{"taxonomy":"post_tag","embeddable":true,"href":"https:\/\/encuentroinformativo.com.mx\/index.php?rest_route=%2Fwp%2Fv2%2Ftags&post=37154"}],"curies":[{"name":"wp","href":"https:\/\/api.w.org\/{rel}","templated":true}]}}