{"id":37157,"date":"2023-02-23T10:08:17","date_gmt":"2023-02-23T16:08:17","guid":{"rendered":"https:\/\/encuentroinformativo.com.mx\/?p=37157"},"modified":"2023-02-23T10:08:20","modified_gmt":"2023-02-23T16:08:20","slug":"toman-primaria-en-miahuatlan-reclaman-mobiliario-prometido","status":"publish","type":"post","link":"https:\/\/encuentroinformativo.com.mx\/?p=37157","title":{"rendered":"Toman primaria en Miahuatl\u00e1n, reclaman mobiliario prometido"},"content":{"rendered":"\n<p><strong>Juan Arcos <\/strong><\/p>\n\n\n\n<p>Xalapa, Ver.- Padres y madres de familia tomaron la escuela primaria \u201c\u00c1ngel Carvajal\u201d del municipio de Miahuatl\u00e1n, ubicado en la zona centro monta\u00f1osa del estado de Veracruz.<\/p>\n\n\n\n<p>Los quejosos manifiestan que en el pasado mes de noviembre del 2022, el gobernador Cuitl\u00e1huac Garc\u00eda Jim\u00e9nez les prometi\u00f3 entregarles mobiliario para el plantel educativo.<\/p>\n\n\n\n<p>La promesa la expres\u00f3 cuando visit\u00f3 las instalaciones, constat\u00f3 las carencias y emiti\u00f3 su ofrecimiento hacia la escuela, alumnos, padres y madres de familia, misma que surtir\u00eda efecto para el mes de enero.<\/p>\n\n\n\n<p>Para el 7 de febrero, fecha donde a\u00fan no cumpl\u00eda su palabra, los inconformes enviaron un oficio de recordatorio para obtener una pronta respuesta de lo expresado en noviembre pasado.<\/p>\n\n\n\n<p>Para este 23 de febrero, el ofrecimiento del mandatario estatal sigue sin cumplirse y lo exhiben con la toma del plantel.<\/p>\n\n\n\n<p>Los quejosos que encabezan la protesta pertenecen a los grupos; Primero B, Primero C y Quinto B.<\/p>\n\n\n\n<p>En el port\u00f3n de la instituci\u00f3n pegaron cartulinas con algunas consignas como: \u201cExigimos pronta respuesta\u201d, \u201cLos padres de familia exigimos respuesta del mobiliario al gobernador, ya est\u00e1 en malas condiciones\u201d, \u201cEn enero prometi\u00f3 mobiliario y no hay respuesta\u201d, entre otras.<\/p>\n","protected":false},"excerpt":{"rendered":"<p>Juan Arcos Xalapa, Ver.- Padres y madres de familia tomaron la escuela primaria \u201c\u00c1ngel Carvajal\u201d del municipio de Miahuatl\u00e1n, ubicado en la zona centro monta\u00f1osa del estado de Veracruz. Los quejosos manifiestan que en el pasado mes de noviembre del 2022, el gobernador Cuitl\u00e1huac Garc\u00eda Jim\u00e9nez les prometi\u00f3 entregarles mobiliario para el plantel educativo. La [&hellip;]<\/p>\n","protected":false},"author":2476,"featured_media":37158,"comment_status":"open","ping_status":"open","sticky":false,"template":"","format":"standard","meta":{"_jetpack_memberships_contains_paid_content":false,"footnotes":""},"categories":[8],"tags":[],"class_list":["post-37157","post","type-post","status-publish","format-standard","has-post-thumbnail","hentry","category-region"],"jetpack_featured_media_url":"https:\/\/encuentroinformativo.com.mx\/wp-content\/uploads\/2023\/02\/287b2ab7-d842-4deb-8868-57de8e6d2a08.jpg","jetpack_sharing_enabled":true,"jetpack_likes_enabled":true,"amp_enabled":true,"_links":{"self":[{"href":"https:\/\/encuentroinformativo.com.mx\/index.php?rest_route=\/wp\/v2\/posts\/37157","targetHints":{"allow":["GET"]}}],"collection":[{"href":"https:\/\/encuentroinformativo.com.mx\/index.php?rest_route=\/wp\/v2\/posts"}],"about":[{"href":"https:\/\/encuentroinformativo.com.mx\/index.php?rest_route=\/wp\/v2\/types\/post"}],"author":[{"embeddable":true,"href":"https:\/\/encuentroinformativo.com.mx\/index.php?rest_route=\/wp\/v2\/users\/2476"}],"replies":[{"embeddable":true,"href":"https:\/\/encuentroinformativo.com.mx\/index.php?rest_route=%2Fwp%2Fv2%2Fcomments&post=37157"}],"version-history":[{"count":1,"href":"https:\/\/encuentroinformativo.com.mx\/index.php?rest_route=\/wp\/v2\/posts\/37157\/revisions"}],"predecessor-version":[{"id":37159,"href":"https:\/\/encuentroinformativo.com.mx\/index.php?rest_route=\/wp\/v2\/posts\/37157\/revisions\/37159"}],"wp:featuredmedia":[{"embeddable":true,"href":"https:\/\/encuentroinformativo.com.mx\/index.php?rest_route=\/wp\/v2\/media\/37158"}],"wp:attachment":[{"href":"https:\/\/encuentroinformativo.com.mx\/index.php?rest_route=%2Fwp%2Fv2%2Fmedia&parent=37157"}],"wp:term":[{"taxonomy":"category","embeddable":true,"href":"https:\/\/encuentroinformativo.com.mx\/index.php?rest_route=%2Fwp%2Fv2%2Fcategories&post=37157"},{"taxonomy":"post_tag","embeddable":true,"href":"https:\/\/encuentroinformativo.com.mx\/index.php?rest_route=%2Fwp%2Fv2%2Ftags&post=37157"}],"curies":[{"name":"wp","href":"https:\/\/api.w.org\/{rel}","templated":true}]}}