{"id":37186,"date":"2023-02-23T14:05:15","date_gmt":"2023-02-23T20:05:15","guid":{"rendered":"https:\/\/encuentroinformativo.com.mx\/?p=37186"},"modified":"2023-02-23T14:05:17","modified_gmt":"2023-02-23T20:05:17","slug":"ante-posibles-nuevas-fosas-clandestinas-realizan-gn-y-fgr-operativo-en-veracruz-puerto","status":"publish","type":"post","link":"https:\/\/encuentroinformativo.com.mx\/?p=37186","title":{"rendered":"Ante posibles nuevas fosas clandestinas, realizan GN y FGR  operativo en Veracruz Puerto"},"content":{"rendered":"\n<p><strong>Alejandro \u00c1vila<\/strong><\/p>\n\n\n\n<p><strong>Fotos: <\/strong>Sergio Aldazaba\/Cortes\u00eda <\/p>\n\n\n\n<p>Veracruz, Ver.- La ma\u00f1ana de este jueves un operativo de b\u00fasqueda de posibles nuevas fosas con restos humanos se realiz\u00f3 en el municipio de Veracruz.<\/p>\n\n\n\n<p>Elementos de la Guardia Nacional, la Comisi\u00f3n Nacional de B\u00fasqueda y Fiscal\u00eda General de la Rep\u00fablica revisaron un terreno en el fraccionamiento Condado Valle Dorado, ubicado a un costado de la carretera Veracruz &#8211; Cardel.<\/p>\n\n\n\n<p>En compa\u00f1\u00eda de binomios caninos se realiz\u00f3 la supervisi\u00f3n del terreno, tras una denuncia que mantiene una carpeta de investigaci\u00f3n abierta sobre el mencionado sitio.<\/p>\n\n\n\n<p>Hasta el momento se inform\u00f3 de manera extraoficial que no se ha encontrado el hallazgo de ninguna fosa u osamenta.<\/p>\n\n\n\n<p>Vecinos del lugar se\u00f1alan no tener conocimiento de hechos irregulares en la zona e incluso algunas de las personas acuden al terreno a pasear a sus mascotas.<\/p>\n\n\n\n<p>El operativo continuar\u00e1 por lo que resta del d\u00eda y probablemente se extienda durante el fin de semana.<\/p>\n\n\n\n<figure class=\"wp-block-image size-large\"><img loading=\"lazy\" decoding=\"async\" width=\"1024\" height=\"576\" src=\"https:\/\/encuentroinformativo.com.mx\/wp-content\/uploads\/2023\/02\/IMG-20230223-WA0076-1-1024x576.jpg\" alt=\"\" class=\"wp-image-37188\" srcset=\"https:\/\/encuentroinformativo.com.mx\/wp-content\/uploads\/2023\/02\/IMG-20230223-WA0076-1-1024x576.jpg 1024w, https:\/\/encuentroinformativo.com.mx\/wp-content\/uploads\/2023\/02\/IMG-20230223-WA0076-1-300x169.jpg 300w, https:\/\/encuentroinformativo.com.mx\/wp-content\/uploads\/2023\/02\/IMG-20230223-WA0076-1-768x432.jpg 768w, https:\/\/encuentroinformativo.com.mx\/wp-content\/uploads\/2023\/02\/IMG-20230223-WA0076-1-1536x864.jpg 1536w, https:\/\/encuentroinformativo.com.mx\/wp-content\/uploads\/2023\/02\/IMG-20230223-WA0076-1.jpg 1600w\" sizes=\"auto, (max-width: 1024px) 100vw, 1024px\" \/><\/figure>\n","protected":false},"excerpt":{"rendered":"<p>Alejandro \u00c1vila Fotos: Sergio Aldazaba\/Cortes\u00eda Veracruz, Ver.- La ma\u00f1ana de este jueves un operativo de b\u00fasqueda de posibles nuevas fosas con restos humanos se realiz\u00f3 en el municipio de Veracruz. Elementos de la Guardia Nacional, la Comisi\u00f3n Nacional de B\u00fasqueda y Fiscal\u00eda General de la Rep\u00fablica revisaron un terreno en el fraccionamiento Condado Valle Dorado, [&hellip;]<\/p>\n","protected":false},"author":2476,"featured_media":37187,"comment_status":"open","ping_status":"open","sticky":false,"template":"","format":"standard","meta":{"_jetpack_memberships_contains_paid_content":false,"footnotes":""},"categories":[2],"tags":[],"class_list":["post-37186","post","type-post","status-publish","format-standard","has-post-thumbnail","hentry","category-estado"],"jetpack_featured_media_url":"https:\/\/encuentroinformativo.com.mx\/wp-content\/uploads\/2023\/02\/IMG-20230223-WA0076.jpg","jetpack_sharing_enabled":true,"jetpack_likes_enabled":true,"amp_enabled":true,"_links":{"self":[{"href":"https:\/\/encuentroinformativo.com.mx\/index.php?rest_route=\/wp\/v2\/posts\/37186","targetHints":{"allow":["GET"]}}],"collection":[{"href":"https:\/\/encuentroinformativo.com.mx\/index.php?rest_route=\/wp\/v2\/posts"}],"about":[{"href":"https:\/\/encuentroinformativo.com.mx\/index.php?rest_route=\/wp\/v2\/types\/post"}],"author":[{"embeddable":true,"href":"https:\/\/encuentroinformativo.com.mx\/index.php?rest_route=\/wp\/v2\/users\/2476"}],"replies":[{"embeddable":true,"href":"https:\/\/encuentroinformativo.com.mx\/index.php?rest_route=%2Fwp%2Fv2%2Fcomments&post=37186"}],"version-history":[{"count":1,"href":"https:\/\/encuentroinformativo.com.mx\/index.php?rest_route=\/wp\/v2\/posts\/37186\/revisions"}],"predecessor-version":[{"id":37189,"href":"https:\/\/encuentroinformativo.com.mx\/index.php?rest_route=\/wp\/v2\/posts\/37186\/revisions\/37189"}],"wp:featuredmedia":[{"embeddable":true,"href":"https:\/\/encuentroinformativo.com.mx\/index.php?rest_route=\/wp\/v2\/media\/37187"}],"wp:attachment":[{"href":"https:\/\/encuentroinformativo.com.mx\/index.php?rest_route=%2Fwp%2Fv2%2Fmedia&parent=37186"}],"wp:term":[{"taxonomy":"category","embeddable":true,"href":"https:\/\/encuentroinformativo.com.mx\/index.php?rest_route=%2Fwp%2Fv2%2Fcategories&post=37186"},{"taxonomy":"post_tag","embeddable":true,"href":"https:\/\/encuentroinformativo.com.mx\/index.php?rest_route=%2Fwp%2Fv2%2Ftags&post=37186"}],"curies":[{"name":"wp","href":"https:\/\/api.w.org\/{rel}","templated":true}]}}