{"id":37197,"date":"2023-02-23T18:15:50","date_gmt":"2023-02-24T00:15:50","guid":{"rendered":"https:\/\/encuentroinformativo.com.mx\/?p=37197"},"modified":"2023-02-23T18:15:54","modified_gmt":"2023-02-24T00:15:54","slug":"reportan-explosiones-en-instalaciones-de-pemex-en-la-zona-sur","status":"publish","type":"post","link":"https:\/\/encuentroinformativo.com.mx\/?p=37197","title":{"rendered":"Reportan explosiones en instalaciones de Pemex en la zona sur"},"content":{"rendered":"\n<p><strong>Juan Arcos <\/strong><\/p>\n\n\n\n<p>Xalapa, Ver.- En la zona sur de Veracruz se registraron dos explosiones en distintas instalaciones de Petr\u00f3leos Mexicanos (Pemex), durante la tarde de este jueves 23 de febrero, donde se reportan personas lesionadas.<\/p>\n\n\n\n<p>El primer incidente ocurri\u00f3 despu\u00e9s de las 12:30 horas. La Secretar\u00eda de Protecci\u00f3n Civil (PC) report\u00f3 un \u201cconato de incendio\u201d en la refiner\u00eda \u201cL\u00e1zaro C\u00e1rdenas del R\u00edo, ubicada en el municipio de Minatitl\u00e1n.<\/p>\n\n\n\n<p>El incidente fue atendido de manera interna por equipos Contraincendios de Pemex, sin requerir la activaci\u00f3n de cuerpos de emergencias externos, pues informaron que el fuego fue liquidado a las 13:00 horas.<\/p>\n\n\n\n<p>Cinco trabajadores resultaron con quemaduras graves. Se trata de Alan Dom\u00ednguez, Leopoldo S\u00e1nchez, Ferm\u00edn Tenorio Cadena, Manuel Alejandro Jim\u00e9nez y Julio Arturo Basurto.<\/p>\n\n\n\n<p>Ellos fueron trasladados en ambulancias al Hospital Regional de Pemex en Minatitl\u00e1n para su atenci\u00f3n m\u00e9dica; sin embargo, hasta el momento, se desconoce su estado de salud.<\/p>\n\n\n\n<p>A las 15:40 horas, se registr\u00f3 un incendio de ducto en las instalaciones de Tuzand\u00e9petl en el municipio de Ixhuatl\u00e1n del Sureste, donde se encuentra el almac\u00e9n de crudo de Pemex m\u00e1s grande del pa\u00eds y donde a\u00fan no se informa si hay personas heridas.<\/p>\n\n\n\n<p>La Secretar\u00eda de Protecci\u00f3n Civil, a cargo de Guadalupe Osorno Maldonado, confirm\u00f3 que incendio se reporta activo y que es atendido por personal de la paraestatal y PC municipal.<\/p>\n\n\n\n<p>\u201cDe manera precautoria, se realiz\u00f3 la evacuaci\u00f3n de las instalaciones de la Universidad de Ixhuatl\u00e1n del Sureste\u201d, dio a conocer la dependencia estatal en un breve comunicado.<\/p>\n","protected":false},"excerpt":{"rendered":"<p>Juan Arcos Xalapa, Ver.- En la zona sur de Veracruz se registraron dos explosiones en distintas instalaciones de Petr\u00f3leos Mexicanos (Pemex), durante la tarde de este jueves 23 de febrero, donde se reportan personas lesionadas. El primer incidente ocurri\u00f3 despu\u00e9s de las 12:30 horas. La Secretar\u00eda de Protecci\u00f3n Civil (PC) report\u00f3 un \u201cconato de incendio\u201d [&hellip;]<\/p>\n","protected":false},"author":2476,"featured_media":37198,"comment_status":"open","ping_status":"open","sticky":false,"template":"","format":"standard","meta":{"_jetpack_memberships_contains_paid_content":false,"footnotes":""},"categories":[2],"tags":[],"class_list":["post-37197","post","type-post","status-publish","format-standard","has-post-thumbnail","hentry","category-estado"],"jetpack_featured_media_url":"https:\/\/encuentroinformativo.com.mx\/wp-content\/uploads\/2023\/02\/01d87129-149a-4970-b1fa-e5d3eea5b0f1.jpg","jetpack_sharing_enabled":true,"jetpack_likes_enabled":true,"amp_enabled":true,"_links":{"self":[{"href":"https:\/\/encuentroinformativo.com.mx\/index.php?rest_route=\/wp\/v2\/posts\/37197","targetHints":{"allow":["GET"]}}],"collection":[{"href":"https:\/\/encuentroinformativo.com.mx\/index.php?rest_route=\/wp\/v2\/posts"}],"about":[{"href":"https:\/\/encuentroinformativo.com.mx\/index.php?rest_route=\/wp\/v2\/types\/post"}],"author":[{"embeddable":true,"href":"https:\/\/encuentroinformativo.com.mx\/index.php?rest_route=\/wp\/v2\/users\/2476"}],"replies":[{"embeddable":true,"href":"https:\/\/encuentroinformativo.com.mx\/index.php?rest_route=%2Fwp%2Fv2%2Fcomments&post=37197"}],"version-history":[{"count":1,"href":"https:\/\/encuentroinformativo.com.mx\/index.php?rest_route=\/wp\/v2\/posts\/37197\/revisions"}],"predecessor-version":[{"id":37199,"href":"https:\/\/encuentroinformativo.com.mx\/index.php?rest_route=\/wp\/v2\/posts\/37197\/revisions\/37199"}],"wp:featuredmedia":[{"embeddable":true,"href":"https:\/\/encuentroinformativo.com.mx\/index.php?rest_route=\/wp\/v2\/media\/37198"}],"wp:attachment":[{"href":"https:\/\/encuentroinformativo.com.mx\/index.php?rest_route=%2Fwp%2Fv2%2Fmedia&parent=37197"}],"wp:term":[{"taxonomy":"category","embeddable":true,"href":"https:\/\/encuentroinformativo.com.mx\/index.php?rest_route=%2Fwp%2Fv2%2Fcategories&post=37197"},{"taxonomy":"post_tag","embeddable":true,"href":"https:\/\/encuentroinformativo.com.mx\/index.php?rest_route=%2Fwp%2Fv2%2Ftags&post=37197"}],"curies":[{"name":"wp","href":"https:\/\/api.w.org\/{rel}","templated":true}]}}