{"id":37206,"date":"2023-02-24T09:59:45","date_gmt":"2023-02-24T15:59:45","guid":{"rendered":"https:\/\/encuentroinformativo.com.mx\/?p=37206"},"modified":"2023-02-24T19:45:28","modified_gmt":"2023-02-25T01:45:28","slug":"ramos-alor-y-bola-8","status":"publish","type":"post","link":"https:\/\/encuentroinformativo.com.mx\/?p=37206","title":{"rendered":"RAMOS ALOR Y BOLA 8"},"content":{"rendered":"\n<p><strong>Los Pol\u00edticos<\/strong><\/p>\n\n\n\n<p><strong>Salvador Mu\u00f1oz<\/strong><\/p>\n\n\n\n<p>Este jueves por la ma\u00f1ana, la diputada Anil\u00fa Ingram Vallines anduvo por la Fiscal\u00eda especializada en Delitos Electorales y contra la Libertad de Expresi\u00f3n donde ratific\u00f3 su denuncia contra el ahora ex secretario de Salud, Roberto Ramos Alor.<\/p>\n\n\n\n<p>No es la \u00fanica instancia a donde ha tocado puertas Anil\u00fa Ingram ante un evento que tuvo lugar en diciembre del 2021, precisamente en la comparecencia de Ramos Alor cuando fung\u00eda como titular de Salud\u2026<\/p>\n\n\n\n<p>Ya fue al OPLE\u2026 ya fue al TEV\u2026 ya fue ante la Fiscal\u00eda Anticorrupci\u00f3n\u2026 ya fue a la Contralor\u00eda General del Estado\u2026 ya fue al Instituto Veracruzano de la Mujer\u2026 ya fue a la Comisi\u00f3n Nacional de Derechos Humanos y ahora a la Fiscal\u00eda especializadas en Delitos Electorales y contra la Libertad de Expresi\u00f3n\u2026<\/p>\n\n\n\n<p>En el OPLE y en el TEV al parecer se declararon incompetentes pues argumentaron que hab\u00eda lugar al derecho parlamentario\u2026 s\u00ed, mismo argumento que la Sala Superior del Tribunal Electoral del Poder Judicial de la Federaci\u00f3n mand\u00f3 por un tubo y que hoy tiene al secretario de Gobierno, Eric \u201cBola 8\u201d Cisneros Burgos, en la tablita, por tres bandas:<\/p>\n\n\n\n<p>La primera, podr\u00eda quedar inhabilitado para contender hasta para Jefe de Manzana\u2026<\/p>\n\n\n\n<p>La segunda, pasar\u00eda a formar parte de la lista negra de los generadores de violencia pol\u00edtica de g\u00e9nero\u2026<\/p>\n\n\n\n<p>La tercera, la l\u00f3gica apunta que tendr\u00eda que ser renunciado de su cargo de manera inmediata, aunque los prietitos en el arroz rezan para que haya el ofrecimiento de una Disculpa P\u00fablica y asunto olvidado\u2026 \u00a1hasta borr\u00f3n y cuenta nueva llamar \u201cCacique\u201d a la Diputada Ruth Callejas Rold\u00e1n! Oh, otro agravante para su caso\u2026<\/p>\n\n\n\n<p>El asunto es que est\u00e1 tambi\u00e9n el caso de Ramos Alor que parec\u00eda haber ca\u00eddo en la \u201ccongeladora\u201d de las varias autoridades a las que acud\u00eda Anil\u00fa, hasta que como que se despabilaron un poquito cuando vieron que la legisladora del PRI sal\u00eda de la CNDH y al ratito, \u00a1aire a Ramos Alor! Quiz\u00e1s bajo la triste idea de que al no estar el Doctor, se acababa la enfermedad\u2026 pero no.<\/p>\n\n\n\n<p>Indirectamente, Cuitl\u00e1huac&nbsp; Garc\u00eda est\u00e1 en la oportunidad de tomar una gran bocanada de aire puro, de que le surtan un gigantesco tanque de ox\u00edgeno puro a su administraci\u00f3n con un escarmiento ejemplar a Ramos Alor y a Bola 8 por una sencilla raz\u00f3n: Su gobierno ha sido expuesto como un centro de acosadores tanto laborales como sexuales, que van desde la Sefiplan hasta la secretar\u00eda de Gobierno, y si a ello se le suma la mancha de sospecha que hay en el caso de Araly Rodr\u00edguez y los resultados de la Auditor\u00eda Superior de la Federaci\u00f3n, Ramos Alor y Bola 8 podr\u00edan despresurizar ese ambiente enrarecido\u2026 al menos un poco\u2026<\/p>\n\n\n\n<p>Por supuesto, no es un evento en el que el Gobernador tenga voz y voto en su resolutivo, sino que est\u00e1 en manos de las autoridades competentes que bien, pueden ayudar a Cuitl\u00e1huac Garc\u00eda a enderezar un poco su Titanic, o bien, hacerle m\u00e1s grande el hoyo para pasar as\u00ed, como un Gobierno que da apertura a las mujeres pero que tambi\u00e9n da manga ancha a los generadores de violencia, laboral, sexual y ahora hasta pol\u00edtica en raz\u00f3n de g\u00e9nero\u2026<\/p>\n\n\n\n<p>Mientras tanto nos queda esperar qu\u00e9 ocurre antes: Se resuelve primero el caso de Anil\u00fa que tiene ya m\u00e1s de un a\u00f1o; o se resuelve el caso de Ruth Callejas\u2026 como sea, pero siendo tan similares los casos, lo que se determine en uno, es posible que se determine en el otro\u2026<\/p>\n","protected":false},"excerpt":{"rendered":"<p>Los Pol\u00edticos Salvador Mu\u00f1oz Este jueves por la ma\u00f1ana, la diputada Anil\u00fa Ingram Vallines anduvo por la Fiscal\u00eda especializada en Delitos Electorales y contra la Libertad de Expresi\u00f3n donde ratific\u00f3 su denuncia contra el ahora ex secretario de Salud, Roberto Ramos Alor. No es la \u00fanica instancia a donde ha tocado puertas Anil\u00fa Ingram ante [&hellip;]<\/p>\n","protected":false},"author":2476,"featured_media":387,"comment_status":"open","ping_status":"open","sticky":false,"template":"","format":"standard","meta":{"_jetpack_memberships_contains_paid_content":false,"footnotes":""},"categories":[11],"tags":[],"class_list":["post-37206","post","type-post","status-publish","format-standard","has-post-thumbnail","hentry","category-opinion"],"jetpack_featured_media_url":"https:\/\/encuentroinformativo.com.mx\/wp-content\/uploads\/2020\/03\/7CF8A22B-2764-47BE-8F7F-38FE9E5D6A2F.jpeg","jetpack_sharing_enabled":true,"jetpack_likes_enabled":true,"amp_enabled":true,"_links":{"self":[{"href":"https:\/\/encuentroinformativo.com.mx\/index.php?rest_route=\/wp\/v2\/posts\/37206","targetHints":{"allow":["GET"]}}],"collection":[{"href":"https:\/\/encuentroinformativo.com.mx\/index.php?rest_route=\/wp\/v2\/posts"}],"about":[{"href":"https:\/\/encuentroinformativo.com.mx\/index.php?rest_route=\/wp\/v2\/types\/post"}],"author":[{"embeddable":true,"href":"https:\/\/encuentroinformativo.com.mx\/index.php?rest_route=\/wp\/v2\/users\/2476"}],"replies":[{"embeddable":true,"href":"https:\/\/encuentroinformativo.com.mx\/index.php?rest_route=%2Fwp%2Fv2%2Fcomments&post=37206"}],"version-history":[{"count":1,"href":"https:\/\/encuentroinformativo.com.mx\/index.php?rest_route=\/wp\/v2\/posts\/37206\/revisions"}],"predecessor-version":[{"id":37207,"href":"https:\/\/encuentroinformativo.com.mx\/index.php?rest_route=\/wp\/v2\/posts\/37206\/revisions\/37207"}],"wp:featuredmedia":[{"embeddable":true,"href":"https:\/\/encuentroinformativo.com.mx\/index.php?rest_route=\/wp\/v2\/media\/387"}],"wp:attachment":[{"href":"https:\/\/encuentroinformativo.com.mx\/index.php?rest_route=%2Fwp%2Fv2%2Fmedia&parent=37206"}],"wp:term":[{"taxonomy":"category","embeddable":true,"href":"https:\/\/encuentroinformativo.com.mx\/index.php?rest_route=%2Fwp%2Fv2%2Fcategories&post=37206"},{"taxonomy":"post_tag","embeddable":true,"href":"https:\/\/encuentroinformativo.com.mx\/index.php?rest_route=%2Fwp%2Fv2%2Ftags&post=37206"}],"curies":[{"name":"wp","href":"https:\/\/api.w.org\/{rel}","templated":true}]}}