{"id":37220,"date":"2023-02-24T12:26:15","date_gmt":"2023-02-24T18:26:15","guid":{"rendered":"https:\/\/encuentroinformativo.com.mx\/?p=37220"},"modified":"2023-02-24T12:26:19","modified_gmt":"2023-02-24T18:26:19","slug":"confirman-deceso-de-trabajador-de-pemex-siguen-desaparecidos-por-explosion-en-ixhuatlan","status":"publish","type":"post","link":"https:\/\/encuentroinformativo.com.mx\/?p=37220","title":{"rendered":"Confirman deceso de trabajador de Pemex; siguen desaparecidos por explosi\u00f3n en Ixhuatl\u00e1n"},"content":{"rendered":"\n<p><strong>Juan Arcos <\/strong><\/p>\n\n\n\n<p>Xalapa, Ver.- El trabajador de Petr\u00f3leos Mexicanos (Pemex), Carlos Ascenci\u00f3n Morales, muri\u00f3 tras la explosi\u00f3n de ayer jueves en las instalaciones de Tuzand\u00e9petl en el municipio de Ixhuatl\u00e1n del Sureste, al sur de Veracruz.<\/p>\n\n\n\n<p>Esto fue dado a conocer por familiares y amigos de la v\u00edctima en publicaciones que circulan en redes sociales; sin embargo, Pemex no lo ha confirmado de manera oficial.<\/p>\n\n\n\n<p>\u201cGracias a todos por el apoyo a mi madre y a mi hermano, lamento informales de manera oficial el sensible fallecimiento de Carlos Ascenci\u00f3n Morales acaecido en la explosi\u00f3n de Tuzand\u00e9petl\u201d, se lee en algunos de los mensajes.<\/p>\n\n\n\n<p>La explosi\u00f3n se registr\u00f3 por razones a\u00fan desconocidas a las 15:40 horas en la cavidad Tuzand\u00e9petl-331, propag\u00e1ndose el fuego en el equipo de perforaci\u00f3n PM-119. Esto como parte del proyecto de rehabilitaci\u00f3n de cavidades de la Planta de Almacenamiento Estrat\u00e9gico Tuzand\u00e9petl.<\/p>\n\n\n\n<p>De manera precautoria, se realiz\u00f3 la evacuaci\u00f3n de las instalaciones de la Universidad de Ixhuatl\u00e1n del Sureste y se despleg\u00f3 un operativo para resguardar la zona, con la finalidad de evitar m\u00e1s incidentes.<\/p>\n\n\n\n<p>Grandes columnas de humo negro se observaron a varios kil\u00f3metros de distancia, lo que alarm\u00f3 a las poblaciones cercanas que, seg\u00fan las autoridades municipales y estatales, estaban fuera de peligro.<\/p>\n\n\n\n<p><strong>TRES HERIDOS Y CINCO DESAPARECIDOS<\/strong><\/p>\n\n\n\n<p>Antes de las nueve de la noche, Petr\u00f3leos Mexicanos emiti\u00f3 un comunicado para informar que hab\u00eda mitigado el incendio que inici\u00f3 en el equipo de perforaci\u00f3n por razones a\u00fan no determinadas, por lo que, de inmediato se activ\u00f3 el grupo de atenci\u00f3n y manejo de emergencias para el control y extinci\u00f3n del fuego.<\/p>\n\n\n\n<p>Destac\u00f3 que, debido a este evento, se tienen tres trabajadores lesionados que est\u00e1n siendo atendidos en el Hospital de Pemex y que se est\u00e1n realizando actividades exhaustivas para ubicar a cinco trabajadores m\u00e1s, que se encuentran en calidad de desaparecidos.<\/p>\n\n\n\n<p>El presidente de la Rep\u00fablica, Andr\u00e9s Manuel L\u00f3pez Obrador, tambi\u00e9n confirm\u00f3 que hay cinco empleados desaparecidos; sin embargo, no inform\u00f3 sobre el deceso de Carlos Ascenci\u00f3n Morales.<\/p>\n\n\n\n<p>\u201cPemex reitera su compromiso con las comunidades donde tiene actividad para actuar de forma segura y oportuna en la atenci\u00f3n de este tipo de eventos\u201d, detalla la empresa en su bolet\u00edn.<\/p>\n\n\n\n<p>Horas antes, al mediod\u00eda de ayer jueves, ocurri\u00f3 un \u201cconato de incendio\u201d en la refiner\u00eda \u201cL\u00e1zaro C\u00e1rdenas del R\u00edo, ubicada en el municipio de Minatitl\u00e1n, donde se reportaron cinco trabajadores con heridas graves que fueron hospitalizados para su atenci\u00f3n m\u00e9dica.<\/p>\n","protected":false},"excerpt":{"rendered":"<p>Juan Arcos Xalapa, Ver.- El trabajador de Petr\u00f3leos Mexicanos (Pemex), Carlos Ascenci\u00f3n Morales, muri\u00f3 tras la explosi\u00f3n de ayer jueves en las instalaciones de Tuzand\u00e9petl en el municipio de Ixhuatl\u00e1n del Sureste, al sur de Veracruz. Esto fue dado a conocer por familiares y amigos de la v\u00edctima en publicaciones que circulan en redes sociales; [&hellip;]<\/p>\n","protected":false},"author":2476,"featured_media":37221,"comment_status":"open","ping_status":"open","sticky":false,"template":"","format":"standard","meta":{"_jetpack_memberships_contains_paid_content":false,"footnotes":""},"categories":[2],"tags":[],"class_list":["post-37220","post","type-post","status-publish","format-standard","has-post-thumbnail","hentry","category-estado"],"jetpack_featured_media_url":"https:\/\/encuentroinformativo.com.mx\/wp-content\/uploads\/2023\/02\/f67993aa-e570-4b82-8fa2-ce29293b1c23.jpg","jetpack_sharing_enabled":true,"jetpack_likes_enabled":true,"amp_enabled":true,"_links":{"self":[{"href":"https:\/\/encuentroinformativo.com.mx\/index.php?rest_route=\/wp\/v2\/posts\/37220","targetHints":{"allow":["GET"]}}],"collection":[{"href":"https:\/\/encuentroinformativo.com.mx\/index.php?rest_route=\/wp\/v2\/posts"}],"about":[{"href":"https:\/\/encuentroinformativo.com.mx\/index.php?rest_route=\/wp\/v2\/types\/post"}],"author":[{"embeddable":true,"href":"https:\/\/encuentroinformativo.com.mx\/index.php?rest_route=\/wp\/v2\/users\/2476"}],"replies":[{"embeddable":true,"href":"https:\/\/encuentroinformativo.com.mx\/index.php?rest_route=%2Fwp%2Fv2%2Fcomments&post=37220"}],"version-history":[{"count":1,"href":"https:\/\/encuentroinformativo.com.mx\/index.php?rest_route=\/wp\/v2\/posts\/37220\/revisions"}],"predecessor-version":[{"id":37222,"href":"https:\/\/encuentroinformativo.com.mx\/index.php?rest_route=\/wp\/v2\/posts\/37220\/revisions\/37222"}],"wp:featuredmedia":[{"embeddable":true,"href":"https:\/\/encuentroinformativo.com.mx\/index.php?rest_route=\/wp\/v2\/media\/37221"}],"wp:attachment":[{"href":"https:\/\/encuentroinformativo.com.mx\/index.php?rest_route=%2Fwp%2Fv2%2Fmedia&parent=37220"}],"wp:term":[{"taxonomy":"category","embeddable":true,"href":"https:\/\/encuentroinformativo.com.mx\/index.php?rest_route=%2Fwp%2Fv2%2Fcategories&post=37220"},{"taxonomy":"post_tag","embeddable":true,"href":"https:\/\/encuentroinformativo.com.mx\/index.php?rest_route=%2Fwp%2Fv2%2Ftags&post=37220"}],"curies":[{"name":"wp","href":"https:\/\/api.w.org\/{rel}","templated":true}]}}