{"id":37223,"date":"2023-02-24T13:01:19","date_gmt":"2023-02-24T19:01:19","guid":{"rendered":"https:\/\/encuentroinformativo.com.mx\/?p=37223"},"modified":"2023-02-24T13:01:23","modified_gmt":"2023-02-24T19:01:23","slug":"continua-conflicto-por-lotes-en-casa-blanca","status":"publish","type":"post","link":"https:\/\/encuentroinformativo.com.mx\/?p=37223","title":{"rendered":"Contin\u00faa conflicto por lotes en Casa Blanca"},"content":{"rendered":"\n<p><strong>Dar\u00edo Pale <\/strong><\/p>\n\n\n\n<p>Xalapa, Ver.- Los due\u00f1os del terreno donde se colocaba el tianguis de Casa Blanca desmintieron que son propietarios de las tiendas departamentales al igual que de farmacias como lo se\u00f1alo el d\u00eda de ayer Fanny Alarcon Osorio.<\/p>\n\n\n\n<p>En conferencia de prensa Walter Ortiz, uno de los propietarios de los lotes de Casablanca y con relaci\u00f3n al conflicto con los tianguistas de autos, acus\u00f3 que el trasfondo es que la se\u00f1ora Fanny Alarc\u00f3n Osorio pretende seguir cobrando &#8220;derecho de piso&#8221; a quienes llegan a vender sus unidades.\u00a0<\/p>\n\n\n\n<p>&#8220;Ellos necesitan cobrar derecho de piso a las personas que venden los carros, ahora si ven la p\u00e1gina (de Facebook), dice gratis, pero es mentira, si no de qu\u00e9 viven, 50 o 60 pesos, eso es lo que verdaderamente sucede y si no les pagas te quitan&#8221;, se\u00f1al\u00f3.\u00a0<\/p>\n\n\n\n<p>Al respecto, se\u00f1al\u00f3 que si bien el tianguis tiene mucho tiempo de existir, no es en la zona del arroyo donde se pretenden instalar.\u00a0<\/p>\n\n\n\n<p>&#8220;Nosotros somos posesionarios, desde mi suegro, que ten\u00eda la parcela 128 del ejido El Castillo, era posesionario y tramit\u00f3 el dominio pleno y se hizo la escritura de peque\u00f1a propiedad, d\u00e1ndole a sus hijos diferentes lotes&#8221;, coment\u00f3.<\/p>\n\n\n\n<p>En ese sentido, dijo que entre los hermanos decidieron dejar una vialidad como paso de servidumbre, y en el 2008 comenz\u00f3 un tr\u00e1mite para encauzar las &#8220;demas\u00edas&#8221; de la laguna.\u00a0<\/p>\n\n\n\n<p>&#8220;Hecho por el cual ellos dicen es un lugar de Aguas Nacionales, no, mi suegro solicit\u00f3 el permiso a Aguas Nacionales para encauzarlo, para que no hubiera problemas de socavones&#8221;, dijo en la conferencia.<\/p>\n\n\n\n<p>Por eso precis\u00f3 que Fanny Alarc\u00f3n y otras personas se quieren meter a la fuerza, incluso uno de ellos en d\u00edas pasado fue detenido por cortar la malla con la cual est\u00e1 delimitado el terreno.<\/p>\n\n\n\n<p>&#8220;Nosotros tenemos el juicio 494\/2019, en el cual solicitamos que una vez finalizado el contrato que ten\u00edamos con ellos, nos entregaran el predio&#8221;, acus\u00f3.<\/p>\n\n\n\n<p>De manera que se hizo un juicio que dur\u00f3 tres a\u00f1os, durante el cual no pagaron renta.\u00a0<br>&#8220;El juicio fue contra el se\u00f1or Jaime Roberto Alarc\u00f3n Su\u00e1rez, no contra su hija que vino ayer a defenderse de que la hab\u00edan llevado presa, pero la llevaron presa porque rompi\u00f3 la malla y entraron a nuestro predio que tenemos en posesi\u00f3n desde 1990 y antes&#8221;, inform\u00f3 .<\/p>\n\n\n\n<p>Record\u00f3 que estas personas ya hab\u00edan sido desalojadas el 7 de noviembre de 2022, pero el d\u00eda 11, un se\u00f1or de nombre N\u00e9stor rompi\u00f3 la malla para poder accesar, por ello, fue detenido y tuvo que pagar la malla que rompi\u00f3, pero este mi\u00e9rcoles volvieron a romper la malla y volvieron a entrar.<\/p>\n\n\n\n<p>&#8220;Se les encontr\u00f3 en flagrancia rompiendo la malla e ingresando a un predio de propiedad privada, seg\u00fan lo dictamin\u00f3 ayer el personal de Desarrollo Urbano&#8221;, coment\u00f3.<\/p>\n\n\n\n<p>Finalmente se\u00f1al\u00f3 que la empresa <em>Walmart<\/em> solicit\u00f3 que el tianguis no se ponga en la v\u00eda p\u00fablica, porque hacen intransitable el paso en la avenida Chedraui Caram.<\/p>\n","protected":false},"excerpt":{"rendered":"<p>Dar\u00edo Pale Xalapa, Ver.- Los due\u00f1os del terreno donde se colocaba el tianguis de Casa Blanca desmintieron que son propietarios de las tiendas departamentales al igual que de farmacias como lo se\u00f1alo el d\u00eda de ayer Fanny Alarcon Osorio. En conferencia de prensa Walter Ortiz, uno de los propietarios de los lotes de Casablanca y [&hellip;]<\/p>\n","protected":false},"author":2476,"featured_media":37224,"comment_status":"open","ping_status":"open","sticky":false,"template":"","format":"standard","meta":{"_jetpack_memberships_contains_paid_content":false,"footnotes":""},"categories":[3],"tags":[],"class_list":["post-37223","post","type-post","status-publish","format-standard","has-post-thumbnail","hentry","category-xalapa"],"jetpack_featured_media_url":"https:\/\/encuentroinformativo.com.mx\/wp-content\/uploads\/2023\/02\/IMG-20230224-WA0057.jpg","jetpack_sharing_enabled":true,"jetpack_likes_enabled":true,"amp_enabled":true,"_links":{"self":[{"href":"https:\/\/encuentroinformativo.com.mx\/index.php?rest_route=\/wp\/v2\/posts\/37223","targetHints":{"allow":["GET"]}}],"collection":[{"href":"https:\/\/encuentroinformativo.com.mx\/index.php?rest_route=\/wp\/v2\/posts"}],"about":[{"href":"https:\/\/encuentroinformativo.com.mx\/index.php?rest_route=\/wp\/v2\/types\/post"}],"author":[{"embeddable":true,"href":"https:\/\/encuentroinformativo.com.mx\/index.php?rest_route=\/wp\/v2\/users\/2476"}],"replies":[{"embeddable":true,"href":"https:\/\/encuentroinformativo.com.mx\/index.php?rest_route=%2Fwp%2Fv2%2Fcomments&post=37223"}],"version-history":[{"count":1,"href":"https:\/\/encuentroinformativo.com.mx\/index.php?rest_route=\/wp\/v2\/posts\/37223\/revisions"}],"predecessor-version":[{"id":37225,"href":"https:\/\/encuentroinformativo.com.mx\/index.php?rest_route=\/wp\/v2\/posts\/37223\/revisions\/37225"}],"wp:featuredmedia":[{"embeddable":true,"href":"https:\/\/encuentroinformativo.com.mx\/index.php?rest_route=\/wp\/v2\/media\/37224"}],"wp:attachment":[{"href":"https:\/\/encuentroinformativo.com.mx\/index.php?rest_route=%2Fwp%2Fv2%2Fmedia&parent=37223"}],"wp:term":[{"taxonomy":"category","embeddable":true,"href":"https:\/\/encuentroinformativo.com.mx\/index.php?rest_route=%2Fwp%2Fv2%2Fcategories&post=37223"},{"taxonomy":"post_tag","embeddable":true,"href":"https:\/\/encuentroinformativo.com.mx\/index.php?rest_route=%2Fwp%2Fv2%2Ftags&post=37223"}],"curies":[{"name":"wp","href":"https:\/\/api.w.org\/{rel}","templated":true}]}}