{"id":37229,"date":"2023-02-24T14:28:10","date_gmt":"2023-02-24T20:28:10","guid":{"rendered":"https:\/\/encuentroinformativo.com.mx\/?p=37229"},"modified":"2023-02-24T14:28:14","modified_gmt":"2023-02-24T20:28:14","slug":"sigue-protesta-reclaman-aparicion-con-vida-de-activistas","status":"publish","type":"post","link":"https:\/\/encuentroinformativo.com.mx\/?p=37229","title":{"rendered":"Sigue protesta, reclaman aparici\u00f3n con vida de activistas"},"content":{"rendered":"\n<p><strong>Juan Arcos <\/strong><\/p>\n\n\n\n<p>Xalapa, Ver.- En la ciudad de Xalapa contin\u00faan las protestas para exigir la aparici\u00f3n con vida de los activistas Ricardo Arturo Lagunes Gasca y Antonio D\u00edaz Valencia.<\/p>\n\n\n\n<p>Ambos fueron \u201clevantados\u201d la noche del pasado 15 de enero en los l\u00edmites de los estados de Colima y Michoac\u00e1n.<\/p>\n\n\n\n<p>Fueron privados de su libertad, luego de salir de la comunidad de Coahuayana, en el estado de Michoac\u00e1n, donde hab\u00edan acudido para una reuni\u00f3n de trabajo comunitario, pues ambos defend\u00edan el territorio.<\/p>\n\n\n\n<p>En Xalapa ha habido manifestaciones debido a que Arturo Lagunes Moreno, padre de Lagunes Gasca, es oriundo de San Andr\u00e9s Tuxtla, Veracruz, y vive en la capital del estado.<\/p>\n\n\n\n<p>El se\u00f1or Arturo Lagunes declar\u00f3 que a\u00fan no se sabe nada del paradero de su hijo ni del otro activista que lo acompa\u00f1aba.<\/p>\n\n\n\n<p>\u201cNo hay pruebas de vida, no de solicitudes de rescate, ni de los lugares de b\u00fasqueda, no hay ninguna noticia\u201d, expres\u00f3.<\/p>\n\n\n\n<p>Un grupo de activistas organiz\u00f3 un programa cultural en la capital veracruzana para levantar la voz y exigir justicia para los defensores del territorio.<\/p>\n\n\n\n<p>La tarde de este viernes realizar\u00e1n el conservatorio: \u201c\u00bfc\u00f3mo defendemos a los defensores y defensoras?\u201d.<\/p>\n\n\n\n<p>\u201cEn memoria de Samir Flores (activista asesinado) y por la reaparici\u00f3n con vida de Ricardo y Antonio\u201d, se lee en una convocatoria.<\/p>\n\n\n\n<p>El pasado 15 de febrero se manifestaron los familiares y amigos de Ricardo y Antonio frente a Palacio de Gobierno, a un mes de su desaparici\u00f3n.<\/p>\n","protected":false},"excerpt":{"rendered":"<p>Juan Arcos Xalapa, Ver.- En la ciudad de Xalapa contin\u00faan las protestas para exigir la aparici\u00f3n con vida de los activistas Ricardo Arturo Lagunes Gasca y Antonio D\u00edaz Valencia. Ambos fueron \u201clevantados\u201d la noche del pasado 15 de enero en los l\u00edmites de los estados de Colima y Michoac\u00e1n. Fueron privados de su libertad, luego [&hellip;]<\/p>\n","protected":false},"author":2476,"featured_media":37230,"comment_status":"open","ping_status":"open","sticky":false,"template":"","format":"standard","meta":{"_jetpack_memberships_contains_paid_content":false,"footnotes":""},"categories":[3],"tags":[],"class_list":["post-37229","post","type-post","status-publish","format-standard","has-post-thumbnail","hentry","category-xalapa"],"jetpack_featured_media_url":"https:\/\/encuentroinformativo.com.mx\/wp-content\/uploads\/2023\/02\/IMG_2571.jpg","jetpack_sharing_enabled":true,"jetpack_likes_enabled":true,"amp_enabled":true,"_links":{"self":[{"href":"https:\/\/encuentroinformativo.com.mx\/index.php?rest_route=\/wp\/v2\/posts\/37229","targetHints":{"allow":["GET"]}}],"collection":[{"href":"https:\/\/encuentroinformativo.com.mx\/index.php?rest_route=\/wp\/v2\/posts"}],"about":[{"href":"https:\/\/encuentroinformativo.com.mx\/index.php?rest_route=\/wp\/v2\/types\/post"}],"author":[{"embeddable":true,"href":"https:\/\/encuentroinformativo.com.mx\/index.php?rest_route=\/wp\/v2\/users\/2476"}],"replies":[{"embeddable":true,"href":"https:\/\/encuentroinformativo.com.mx\/index.php?rest_route=%2Fwp%2Fv2%2Fcomments&post=37229"}],"version-history":[{"count":1,"href":"https:\/\/encuentroinformativo.com.mx\/index.php?rest_route=\/wp\/v2\/posts\/37229\/revisions"}],"predecessor-version":[{"id":37231,"href":"https:\/\/encuentroinformativo.com.mx\/index.php?rest_route=\/wp\/v2\/posts\/37229\/revisions\/37231"}],"wp:featuredmedia":[{"embeddable":true,"href":"https:\/\/encuentroinformativo.com.mx\/index.php?rest_route=\/wp\/v2\/media\/37230"}],"wp:attachment":[{"href":"https:\/\/encuentroinformativo.com.mx\/index.php?rest_route=%2Fwp%2Fv2%2Fmedia&parent=37229"}],"wp:term":[{"taxonomy":"category","embeddable":true,"href":"https:\/\/encuentroinformativo.com.mx\/index.php?rest_route=%2Fwp%2Fv2%2Fcategories&post=37229"},{"taxonomy":"post_tag","embeddable":true,"href":"https:\/\/encuentroinformativo.com.mx\/index.php?rest_route=%2Fwp%2Fv2%2Ftags&post=37229"}],"curies":[{"name":"wp","href":"https:\/\/api.w.org\/{rel}","templated":true}]}}