{"id":37232,"date":"2023-02-24T15:34:46","date_gmt":"2023-02-24T21:34:46","guid":{"rendered":"https:\/\/encuentroinformativo.com.mx\/?p=37232"},"modified":"2023-02-24T15:34:51","modified_gmt":"2023-02-24T21:34:51","slug":"sin-riesgos-para-la-poblacion-por-la-explosion-en-ixhuatlan-gobernador","status":"publish","type":"post","link":"https:\/\/encuentroinformativo.com.mx\/?p=37232","title":{"rendered":"Sin riesgos para la poblaci\u00f3n por la explosi\u00f3n en Ixhuatl\u00e1n: Gobernador"},"content":{"rendered":"\n<p><strong>Dar\u00edo Pale<\/strong><\/p>\n\n\n\n<p>Xalapa, Ver.- Sin localizar a cinco trabajadores de Pemex, adem\u00e1s de que ya no hay riesgo para la poblaci\u00f3n y no hay fallecidos as\u00ed lo inform\u00f3 el gobernador del estado Cuitl\u00e1huac Garc\u00eda Jim\u00e9nez.<\/p>\n\n\n\n<p>En entrevista se\u00f1al\u00f3 que, despu\u00e9s del incendio y la explosi\u00f3n ocurridos este jueves en instalaciones de Pemex en el sur de Veracruz, expuso que a\u00fan siguen buscando a cinco trabajadores que est\u00e1n en calidad de no localizados, en el siniestro ocurrido en las instalaciones de Ixhuatl\u00e1n del Sureste.<\/p>\n\n\n\n<p>Asimismo, confirm\u00f3 que derivado de esos acontecimientos hay tres personas heridas, pero pidi\u00f3 esperar que la paraestatal concluya sus trabajos para dar m\u00e1s informaci\u00f3n.<\/p>\n\n\n\n<p>&#8220;La prioridad es localizar a las cinco personas. Ya no hay riesgo para la poblaci\u00f3n, entrar\u00e1n de un momento a otro (a clases), lo decidir\u00e1 el Rector. Vamos a esperar el comunicado de Pemex&#8221;, se\u00f1al\u00f3.<\/p>\n\n\n\n<p>Dio a conocer que los evacuados podr\u00e1n regresar a sus lugares, pero todo depender\u00e1 de las acciones de Petr\u00f3leos Mexicanos.<\/p>\n\n\n\n<p>Asimismo, indic\u00f3 que ser\u00e1 la empresa p\u00fablica la que va a informar de manera oficial.<br>Aunque detall\u00f3 que en el primer evento que se suscit\u00f3 en la refiner\u00eda de Minatitl\u00e1n, dijo que aunque se ofrecieron sus servicios, les dijeron que no los requer\u00edan.<\/p>\n\n\n\n<p>Mientras que en el segundo caso, que ocurri\u00f3 en Ixhuatl\u00e1n del Sureste, atendieron con base en las indicaciones que les dieron en Pemex.<br>Garc\u00eda Jim\u00e9nez dijo que la empresa p\u00fablica no ha dicho cu\u00e1l fue la causa de la explosi\u00f3n en el centro de almacenamiento de crudo, mejor conocido como Tuzandepetl, ubicado en Ixhuatl\u00e1n del Sureste.<\/p>\n\n\n\n<p>&#8220;Lo urgente ahorita es localizar a las cinco personas que estaban trabajando ah\u00ed. No tenemos reporte de eso (personas fallecidas) en Minatitl\u00e1n es falso, porque dijeron que en Minatitl\u00e1n hab\u00eda uno, en la otra no, pero no hemos localizado a cinco personas. No hay que mentir. Tenemos cinco personas no localizadas y hay tres heridas\u201d, se\u00f1al\u00f3.<\/p>\n\n\n\n<p>Finalmente dijo que \u201coficialmente hay que esperar que Pemex haga los trabajos de localizar a estos trabajadores&#8221;.<\/p>\n","protected":false},"excerpt":{"rendered":"<p>Dar\u00edo Pale Xalapa, Ver.- Sin localizar a cinco trabajadores de Pemex, adem\u00e1s de que ya no hay riesgo para la poblaci\u00f3n y no hay fallecidos as\u00ed lo inform\u00f3 el gobernador del estado Cuitl\u00e1huac Garc\u00eda Jim\u00e9nez. En entrevista se\u00f1al\u00f3 que, despu\u00e9s del incendio y la explosi\u00f3n ocurridos este jueves en instalaciones de Pemex en el sur [&hellip;]<\/p>\n","protected":false},"author":2476,"featured_media":37233,"comment_status":"open","ping_status":"open","sticky":false,"template":"","format":"standard","meta":{"_jetpack_memberships_contains_paid_content":false,"footnotes":""},"categories":[2],"tags":[],"class_list":["post-37232","post","type-post","status-publish","format-standard","has-post-thumbnail","hentry","category-estado"],"jetpack_featured_media_url":"https:\/\/encuentroinformativo.com.mx\/wp-content\/uploads\/2023\/02\/IMG-20230224-WA00742.jpg","jetpack_sharing_enabled":true,"jetpack_likes_enabled":true,"amp_enabled":true,"_links":{"self":[{"href":"https:\/\/encuentroinformativo.com.mx\/index.php?rest_route=\/wp\/v2\/posts\/37232","targetHints":{"allow":["GET"]}}],"collection":[{"href":"https:\/\/encuentroinformativo.com.mx\/index.php?rest_route=\/wp\/v2\/posts"}],"about":[{"href":"https:\/\/encuentroinformativo.com.mx\/index.php?rest_route=\/wp\/v2\/types\/post"}],"author":[{"embeddable":true,"href":"https:\/\/encuentroinformativo.com.mx\/index.php?rest_route=\/wp\/v2\/users\/2476"}],"replies":[{"embeddable":true,"href":"https:\/\/encuentroinformativo.com.mx\/index.php?rest_route=%2Fwp%2Fv2%2Fcomments&post=37232"}],"version-history":[{"count":1,"href":"https:\/\/encuentroinformativo.com.mx\/index.php?rest_route=\/wp\/v2\/posts\/37232\/revisions"}],"predecessor-version":[{"id":37234,"href":"https:\/\/encuentroinformativo.com.mx\/index.php?rest_route=\/wp\/v2\/posts\/37232\/revisions\/37234"}],"wp:featuredmedia":[{"embeddable":true,"href":"https:\/\/encuentroinformativo.com.mx\/index.php?rest_route=\/wp\/v2\/media\/37233"}],"wp:attachment":[{"href":"https:\/\/encuentroinformativo.com.mx\/index.php?rest_route=%2Fwp%2Fv2%2Fmedia&parent=37232"}],"wp:term":[{"taxonomy":"category","embeddable":true,"href":"https:\/\/encuentroinformativo.com.mx\/index.php?rest_route=%2Fwp%2Fv2%2Fcategories&post=37232"},{"taxonomy":"post_tag","embeddable":true,"href":"https:\/\/encuentroinformativo.com.mx\/index.php?rest_route=%2Fwp%2Fv2%2Ftags&post=37232"}],"curies":[{"name":"wp","href":"https:\/\/api.w.org\/{rel}","templated":true}]}}