{"id":37238,"date":"2023-02-24T17:06:36","date_gmt":"2023-02-24T23:06:36","guid":{"rendered":"https:\/\/encuentroinformativo.com.mx\/?p=37238"},"modified":"2023-02-24T17:06:40","modified_gmt":"2023-02-24T23:06:40","slug":"este-viernes-culmina-la-busqueda-de-restos-humanos-en-condado-valle-dorado","status":"publish","type":"post","link":"https:\/\/encuentroinformativo.com.mx\/?p=37238","title":{"rendered":"Este viernes culmina la b\u00fasqueda de restos humanos en Condado Valle Dorado"},"content":{"rendered":"\n<p><strong>Alejandro \u00c1vila<\/strong><\/p>\n\n\n\n<p>Veracruz, Ver.- El Colectivo Solecito confirm\u00f3 que hasta este viernes se realizar\u00e1n las labores de b\u00fasqueda de restos humanos en el fraccionamiento Condado Valle Dorado al norte del municipio de Veracruz.<\/p>\n\n\n\n<p>La vocera, Luc\u00eda D\u00edaz Genao, mencion\u00f3 que los elementos de la Fiscal\u00eda General de la Rep\u00fablica, Guardia Nacional y Comisi\u00f3n Nacional de B\u00fasqueda encontraron una posible fosa clandestina; y aclar\u00f3 que, despu\u00e9s de una semana se podr\u00eda conocer si este espacio arroja resultados positivos, de ser as\u00ed regresar\u00e1n al punto.<\/p>\n\n\n\n<p>&#8220;Ayer nos dejaron accesar a la zona de Valle Dorado y se hizo una b\u00fasqueda ah\u00ed con incluso con maquinaria pesada, es una b\u00fasqueda exhaustiva (\u2026) tanto como encontrar, no&#8221;.<\/p>\n\n\n\n<p>La vocera del Colectivo Solecito, dio a conocer que tienen notificaciones sobre al menos 5 puntos m\u00e1s donde se realizar\u00e1n trabajos de b\u00fasqueda.<\/p>\n\n\n\n<p>&#8220;Hay varias zonas de Veracruz que tenemos notificaciones que tienen restos y esperamos explorar todo lo que se pueda (\u2026.) Nosotros tenemos cinco puntos que son probables&#8221;.<\/p>\n\n\n\n<p>Con respecto al terreno en el fraccionamiento Valle Dorado ubicado en la zona norte del municipio de Veracruz, mencion\u00f3 que de no dar positivo, se abandonar\u00e1, aunque dijo que tambi\u00e9n existe la posibilidad de regresar.<\/p>\n\n\n\n<p>Por otro lado, Luc\u00eda Genao hizo un llamado en\u00e9rgico a las autoridades a realizar m\u00e1s campa\u00f1as de identificaci\u00f3n de ADN, ya que dijo aunque se encuentran restos estos no son identificados y \u00fanicamente se acumulan, lo que representa una &#8220;doble desaparici\u00f3n&#8221;.<\/p>\n\n\n\n<p>&#8220;Campa\u00f1a de recolecci\u00f3n de perfiles gen\u00e9ticos de ADN a nivel estatal en las zonas rurales, porque las hacen en las ciudades pero las zonas rurales quedan sin campa\u00f1a y la gente no viene entonces es necesario&#8221;, subray\u00f3.<\/p>\n\n\n\n<p>Tal es el caso, que dijo que en Colinas de Santa Fe se encontraron 301 restos, de los que \u00fanicamente se ha identificado un 10 por ciento.<\/p>\n","protected":false},"excerpt":{"rendered":"<p>Alejandro \u00c1vila Veracruz, Ver.- El Colectivo Solecito confirm\u00f3 que hasta este viernes se realizar\u00e1n las labores de b\u00fasqueda de restos humanos en el fraccionamiento Condado Valle Dorado al norte del municipio de Veracruz. La vocera, Luc\u00eda D\u00edaz Genao, mencion\u00f3 que los elementos de la Fiscal\u00eda General de la Rep\u00fablica, Guardia Nacional y Comisi\u00f3n Nacional de [&hellip;]<\/p>\n","protected":false},"author":2476,"featured_media":37239,"comment_status":"open","ping_status":"open","sticky":false,"template":"","format":"standard","meta":{"_jetpack_memberships_contains_paid_content":false,"footnotes":""},"categories":[2],"tags":[],"class_list":["post-37238","post","type-post","status-publish","format-standard","has-post-thumbnail","hentry","category-estado"],"jetpack_featured_media_url":"https:\/\/encuentroinformativo.com.mx\/wp-content\/uploads\/2023\/02\/IMG-20230224-WA0067.jpg","jetpack_sharing_enabled":true,"jetpack_likes_enabled":true,"amp_enabled":true,"_links":{"self":[{"href":"https:\/\/encuentroinformativo.com.mx\/index.php?rest_route=\/wp\/v2\/posts\/37238","targetHints":{"allow":["GET"]}}],"collection":[{"href":"https:\/\/encuentroinformativo.com.mx\/index.php?rest_route=\/wp\/v2\/posts"}],"about":[{"href":"https:\/\/encuentroinformativo.com.mx\/index.php?rest_route=\/wp\/v2\/types\/post"}],"author":[{"embeddable":true,"href":"https:\/\/encuentroinformativo.com.mx\/index.php?rest_route=\/wp\/v2\/users\/2476"}],"replies":[{"embeddable":true,"href":"https:\/\/encuentroinformativo.com.mx\/index.php?rest_route=%2Fwp%2Fv2%2Fcomments&post=37238"}],"version-history":[{"count":1,"href":"https:\/\/encuentroinformativo.com.mx\/index.php?rest_route=\/wp\/v2\/posts\/37238\/revisions"}],"predecessor-version":[{"id":37240,"href":"https:\/\/encuentroinformativo.com.mx\/index.php?rest_route=\/wp\/v2\/posts\/37238\/revisions\/37240"}],"wp:featuredmedia":[{"embeddable":true,"href":"https:\/\/encuentroinformativo.com.mx\/index.php?rest_route=\/wp\/v2\/media\/37239"}],"wp:attachment":[{"href":"https:\/\/encuentroinformativo.com.mx\/index.php?rest_route=%2Fwp%2Fv2%2Fmedia&parent=37238"}],"wp:term":[{"taxonomy":"category","embeddable":true,"href":"https:\/\/encuentroinformativo.com.mx\/index.php?rest_route=%2Fwp%2Fv2%2Fcategories&post=37238"},{"taxonomy":"post_tag","embeddable":true,"href":"https:\/\/encuentroinformativo.com.mx\/index.php?rest_route=%2Fwp%2Fv2%2Ftags&post=37238"}],"curies":[{"name":"wp","href":"https:\/\/api.w.org\/{rel}","templated":true}]}}