{"id":3725,"date":"2020-06-30T09:16:04","date_gmt":"2020-06-30T14:16:04","guid":{"rendered":"https:\/\/encuentroinformativo.com\/?p=3725"},"modified":"2020-06-30T09:16:07","modified_gmt":"2020-06-30T14:16:07","slug":"alla-afuera-hay-un-desmadre","status":"publish","type":"post","link":"https:\/\/encuentroinformativo.com.mx\/?p=3725","title":{"rendered":"\u201c\u00a1All\u00e1 afuera hay un desmadre!\u201d"},"content":{"rendered":"\n<p><strong>Los Pol\u00edticos<\/strong><\/p>\n\n\n\n<p><strong>Salvador Mu\u00f1oz<\/strong><\/p>\n\n\n\n<p>Ni parece que fue hace m\u00e1s de un a\u00f1o\u2026 \u00a1chingaos! \u00a1c\u00f3mo se le extra\u00f1a! como persona, como amigo, como diputado\u2026 por eso, bien vale la pena recordar sus palabras, grabadas en el colectivo pol\u00edtico-social de quienes tuvimos oportunidad de escucharlo:<\/p>\n\n\n\n<p>\u201cEs una pena que hay secretarios que no nos contestan una llamada a los diputados, no nos reciben. Los se\u00f1ores secretarios se creen los due\u00f1os absolutos de Veracruz y hasta al mismo gobernador enga\u00f1an con sus informes\u201d.<\/p>\n\n\n\n<p>Antes, hab\u00eda expresado una verdad total: \u201cTenemos que trabajar por Veracruz, all\u00e1 afuera la gente est\u00e1 esperando nuestros resultados. All\u00e1 afuera hay un desmadre total en nuestro estado. \u00bfPor qu\u00e9? porque no hemos podido lograr la unidad por el bien de los veracruzanos\u201d.<\/p>\n\n\n\n<p>Eran principios de mayo del 2019, un dos o tres de mayo\u2026 no recuerdo, pero s\u00ed recuerdo esas palabras de Juan Carlos Molina\u2026<\/p>\n\n\n\n<p>El asunto es que a trece meses de que Molina Palacios pronunciara ese discurso, es incre\u00edble que se pueda aplicar en toda su extensi\u00f3n en estos momentos\u2026<\/p>\n\n\n\n<p>En rueda de prensa v\u00eda Zoom y por Facebook Live, los diputados Bingen Rementer\u00eda y Juan Manuel de Unanue Abascal, acompa\u00f1ados del presidente estatal del PAN, Joaqu\u00edn Guzm\u00e1n Avil\u00e9s, expusieron las lamentables condiciones en que se encuentran los trabajadores del sector Salud de Veracruz, al grado que se les haya obligado a reservarse sus comentarios ante la prensa o en el peor de los casos, tengan que acudir a laborar aun cuando se sientan mal, enfermos, porque no hay permisos, no hay incapacidad, no hay descansos pero s\u00ed el descuento por cada d\u00eda que se ausenten del \u00e1rea laboral&#8230;&nbsp;<\/p>\n\n\n\n<p>\u00bfY qu\u00e9 tiene que ver el discurso de Juan Carlos Molina y la rueda de prensa de los legisladores de Veracruz y Boca del R\u00edo? \u00a1Ah! Es que tanto Bingen Rementer\u00eda (a nombre de la bancada) como Juan Manuel de Unanue, han solicitado la comparecencia del titular de Salud, Roberto Ramos Alor ante el Congreso local, para que d\u00e9 explicaci\u00f3n del porqu\u00e9 de las condiciones tan deprimentes de los trabajadores de Salud que atienden casos de Covid-18 cuando el presupuesto para este sector es por m\u00e1s de 15 millones de pesos y de \u00e9stos, 848 millones est\u00e1n etiquetados para riesgos sanitarios y agr\u00e9guele que m\u00e1s de 525 millones, para Prevenci\u00f3n y Atenci\u00f3n de Emergencias Sanitarias y Brotes. Sume tambi\u00e9n los oficios entregados al Sector Salud que no han tenido respuesta.<\/p>\n\n\n\n<p>A lo mejor estoy equivocado, pero si no me equivoco, ning\u00fan secretario de despacho del Gobierno estatal puede estar por encima de un Diputado local\u2026 si bien Ramos Alor es Secretario, debe entender, ya no el nivel en que se encuentra al lado de un Diputado de representaci\u00f3n popular, sino que en estos momentos, en donde incluso la pandemia vive sus grados m\u00e1s \u00e1lgidos, el inter\u00e9s de Juan Manuel de Unanue y Bingen Rementer\u00eda es el inter\u00e9s de los veracruzanos, porque de un modo u otro, podemos ser afectados o beneficiados por las pol\u00edticas que ejerce el secretario de Salud con los recursos p\u00fablicos como con los trabajadores del sector\u2026<\/p>\n\n\n\n<p>Aunque tambi\u00e9n habr\u00eda que exigir al Congreso local que no s\u00f3lo fuera la voz de Juan Manuel de Unanue, Bingen Rementer\u00eda o la del Grupo Legislativo al que pertenecen, la que se oiga\u2026 \u00a1debe ser un clamor general! \u00a1de cada uno de los 50 diputados que dicen representar los intereses de los veracruzanos! y entre esos intereses, estoy seguro, ninguno es solapar, encubrir, alcahuetear a un secretario\u2026 sea el de Salud, el de Seguridad P\u00fablica, de la SIOP, de Gobierno, o el que usted crea!<\/p>\n\n\n\n<p>Ahora entiende el porqu\u00e9 hoy, a trece meses de ese discurso de Juan Carlos Molina, es lamentable que cada una de sus palabras tenga tama\u00f1o de vigencia\u2026 \u201cTenemos que trabajar por Veracruz, all\u00e1 afuera la gente est\u00e1 esperando nuestros resultados. All\u00e1 afuera hay un desmadre total en nuestro estado. \u00bfPor qu\u00e9? porque no hemos podido lograr la unidad por el bien de los veracruzanos\u201d.<br><\/p>\n\n\n\n<p><strong>Del Legislativo al Judicial<\/strong><\/p>\n\n\n\n<p>El Consejo de la Judicatura decidi\u00f3 no ratificar a dos magistrados: Fernando Charleston y Gladys P\u00e9rez Maldonado. Quedan en la recta final, Edel Alvarez Pe\u00f1a y V\u00edctor Manuel C\u00e9sar Rinc\u00f3n. Es decir, hay la oportunidad para que entren dos nuevos magistrados si el Consejo de la Judicatura no decide otra cosa antes\u2026<\/p>\n\n\n\n<p>Aqu\u00ed es donde abogados, litigantes, Foros y Barras, se inclinan por Eduardo Andrade Rocha, quien no s\u00f3lo cuenta con experiencia probada y avalada, sino con un c\u00famulo de conocimiento adquirido en los diversos escenarios en que se ha desenvuelto como en SHCP, en la extinta Secretar\u00eda de Programaci\u00f3n y Presupuesto en Guanajuato; as\u00ed como en la secretar\u00eda de Salud y Sefiplan.<\/p>\n\n\n\n<p>En el Poder Legislativo Federal fue asesor del Senador Alger Le\u00f3n Moreno y en la Legislatura Local, de mi paisano Marcelo Ram\u00edrez Ram\u00edrez, y coordinador de asesores de la fracci\u00f3n parlamentaria del PAN, en la LII Legislatura del estado de Veracruz. Mientras tanto, en el Poder Judicial del Estado, fundador de la Contralor\u00eda General y primer&nbsp; Director de auditor\u00eda, control y evaluaci\u00f3n de la misma.<\/p>\n\n\n\n<p>Por si fuera poco, Andrade Rocha fue director de la revista \u201cVeracruz Fiscal\u201d, \u00d3rgano Oficial de informaci\u00f3n de Sefiplan, Coordinador editorial en su segunda \u00e9poca de la Revista \u201cDi\u00e1logo\u201d, \u00f3rgano oficial de comunicaci\u00f3n del PRI en Veracruz y responsable editorial del peri\u00f3dico virtual \u201cEl <a href=\"http:\/\/xn--clarn-2sa.com.mx\/\" target=\"_blank\" rel=\"noreferrer noopener\">Clar\u00edn.com.mx<\/a>\u201d as\u00ed como editor responsable de varios libros y revistas culturales en el IVEC.<\/p>\n\n\n\n<p>En el 2018, reconstituy\u00f3 a las polic\u00edas municipales en 23 Ayuntamientos dentro del Secretariado Ejecutivo del Sistema y del Consejo Estatal de Seguridad P\u00fablica del Gobierno de Veracruz, como responsable de la Consejer\u00eda de tal \u00e1rea.<\/p>\n\n\n\n<p>En noviembre de 2018, fue nombrado coordinador de Asesores de la presidencia de la Mesa Directiva de la LXV Legislatura de Estado y desde noviembre de 2019 a la fecha es Secretario T\u00e9cnico de la Comisi\u00f3n Permanente de Procuraci\u00f3n de Justicia de la LXV Legislatura Local en espera de que su trabajo, experiencia y conocimiento le abran las puertas para cambiar de Palacio\u2026 del Legislativo al Judicial.<br><\/p>\n\n\n\n<p><a href=\"mailto:smcainito@gmail.com\" target=\"_blank\" rel=\"noreferrer noopener\">smcainito@gmail.com<\/a><\/p>\n","protected":false},"excerpt":{"rendered":"<p>Los Pol\u00edticos Salvador Mu\u00f1oz Ni parece que fue hace m\u00e1s de un a\u00f1o\u2026 \u00a1chingaos! \u00a1c\u00f3mo se le extra\u00f1a! como persona, como amigo, como diputado\u2026 por eso, bien vale la pena recordar sus palabras, grabadas en el colectivo pol\u00edtico-social de quienes tuvimos oportunidad de escucharlo: \u201cEs una pena que hay secretarios que no nos contestan una [&hellip;]<\/p>\n","protected":false},"author":1,"featured_media":387,"comment_status":"open","ping_status":"open","sticky":false,"template":"","format":"standard","meta":{"_jetpack_memberships_contains_paid_content":false,"footnotes":""},"categories":[11],"tags":[],"class_list":["post-3725","post","type-post","status-publish","format-standard","has-post-thumbnail","hentry","category-opinion"],"jetpack_featured_media_url":"https:\/\/encuentroinformativo.com.mx\/wp-content\/uploads\/2020\/03\/7CF8A22B-2764-47BE-8F7F-38FE9E5D6A2F.jpeg","jetpack_sharing_enabled":true,"jetpack_likes_enabled":true,"amp_enabled":true,"_links":{"self":[{"href":"https:\/\/encuentroinformativo.com.mx\/index.php?rest_route=\/wp\/v2\/posts\/3725","targetHints":{"allow":["GET"]}}],"collection":[{"href":"https:\/\/encuentroinformativo.com.mx\/index.php?rest_route=\/wp\/v2\/posts"}],"about":[{"href":"https:\/\/encuentroinformativo.com.mx\/index.php?rest_route=\/wp\/v2\/types\/post"}],"author":[{"embeddable":true,"href":"https:\/\/encuentroinformativo.com.mx\/index.php?rest_route=\/wp\/v2\/users\/1"}],"replies":[{"embeddable":true,"href":"https:\/\/encuentroinformativo.com.mx\/index.php?rest_route=%2Fwp%2Fv2%2Fcomments&post=3725"}],"version-history":[{"count":1,"href":"https:\/\/encuentroinformativo.com.mx\/index.php?rest_route=\/wp\/v2\/posts\/3725\/revisions"}],"predecessor-version":[{"id":3726,"href":"https:\/\/encuentroinformativo.com.mx\/index.php?rest_route=\/wp\/v2\/posts\/3725\/revisions\/3726"}],"wp:featuredmedia":[{"embeddable":true,"href":"https:\/\/encuentroinformativo.com.mx\/index.php?rest_route=\/wp\/v2\/media\/387"}],"wp:attachment":[{"href":"https:\/\/encuentroinformativo.com.mx\/index.php?rest_route=%2Fwp%2Fv2%2Fmedia&parent=3725"}],"wp:term":[{"taxonomy":"category","embeddable":true,"href":"https:\/\/encuentroinformativo.com.mx\/index.php?rest_route=%2Fwp%2Fv2%2Fcategories&post=3725"},{"taxonomy":"post_tag","embeddable":true,"href":"https:\/\/encuentroinformativo.com.mx\/index.php?rest_route=%2Fwp%2Fv2%2Ftags&post=3725"}],"curies":[{"name":"wp","href":"https:\/\/api.w.org\/{rel}","templated":true}]}}