{"id":37253,"date":"2023-02-25T13:42:22","date_gmt":"2023-02-25T19:42:22","guid":{"rendered":"https:\/\/encuentroinformativo.com.mx\/?p=37253"},"modified":"2023-02-25T13:42:25","modified_gmt":"2023-02-25T19:42:25","slug":"sin-malos-antecedentes-director-de-unidad-y-trabajo-defiende-sev","status":"publish","type":"post","link":"https:\/\/encuentroinformativo.com.mx\/?p=37253","title":{"rendered":"Sin malos antecedentes director de &#8216;Unidad y Trabajo&#8217;, defiende SEV"},"content":{"rendered":"\n<p><strong>Dar\u00edo Pale <\/strong><\/p>\n\n\n\n<p>Xalapa, Ver.- Sin antecedentes de acoso sexual y malos manejos administrativos el director de la escuela de Bachilleres &#8220;Unidad y Trabajo&#8221;, Antonio Lozano Valdana, as\u00ed lo se\u00f1al\u00f3 el titular de la Secretar\u00eda de Educaci\u00f3n de Veracruz (SEV), Zenyazen Escobar Garc\u00eda.<\/p>\n\n\n\n<p>En entrevista, admiti\u00f3 que el plantel contin\u00faa en paro de labores ante las inconformidades de los trabajadores administrativos y docentes por la imposici\u00f3n del acad\u00e9mico.<\/p>\n\n\n\n<p>&#8220;Yo habl\u00e9 con una organizaci\u00f3n sindical, es un tema que hemos hablado con los sindicatos, que est\u00e9 el estira y afloja sindical&#8221;, se\u00f1al\u00f3.<\/p>\n\n\n\n<p>&#8220;Desde que llegu\u00e9 a la Secretar\u00eda he tenido un trabajo de frente y sin titubear contra aquellos docentes y trabajadores de la educaci\u00f3n que si tienen tema de acoso o actos de connotaci\u00f3n sexual, es cesado&#8221;, agreg\u00f3.<\/p>\n\n\n\n<p>Finalmente aclar\u00f3 que tambi\u00e9n investigan a fondo los casos, de manera que la direcci\u00f3n Jur\u00eddica revis\u00f3 en un primero momento esas denuncias y no encontr\u00f3 nada, pero seguir\u00e1n revisando para darles certeza a los trabajadores de la dependencia<\/p>\n","protected":false},"excerpt":{"rendered":"<p>Dar\u00edo Pale Xalapa, Ver.- Sin antecedentes de acoso sexual y malos manejos administrativos el director de la escuela de Bachilleres &#8220;Unidad y Trabajo&#8221;, Antonio Lozano Valdana, as\u00ed lo se\u00f1al\u00f3 el titular de la Secretar\u00eda de Educaci\u00f3n de Veracruz (SEV), Zenyazen Escobar Garc\u00eda. En entrevista, admiti\u00f3 que el plantel contin\u00faa en paro de labores ante las [&hellip;]<\/p>\n","protected":false},"author":2476,"featured_media":37254,"comment_status":"open","ping_status":"open","sticky":false,"template":"","format":"standard","meta":{"_jetpack_memberships_contains_paid_content":false,"footnotes":""},"categories":[3],"tags":[],"class_list":["post-37253","post","type-post","status-publish","format-standard","has-post-thumbnail","hentry","category-xalapa"],"jetpack_featured_media_url":"https:\/\/encuentroinformativo.com.mx\/wp-content\/uploads\/2023\/02\/IMG-20230225-WA00532.jpg","jetpack_sharing_enabled":true,"jetpack_likes_enabled":true,"amp_enabled":true,"_links":{"self":[{"href":"https:\/\/encuentroinformativo.com.mx\/index.php?rest_route=\/wp\/v2\/posts\/37253","targetHints":{"allow":["GET"]}}],"collection":[{"href":"https:\/\/encuentroinformativo.com.mx\/index.php?rest_route=\/wp\/v2\/posts"}],"about":[{"href":"https:\/\/encuentroinformativo.com.mx\/index.php?rest_route=\/wp\/v2\/types\/post"}],"author":[{"embeddable":true,"href":"https:\/\/encuentroinformativo.com.mx\/index.php?rest_route=\/wp\/v2\/users\/2476"}],"replies":[{"embeddable":true,"href":"https:\/\/encuentroinformativo.com.mx\/index.php?rest_route=%2Fwp%2Fv2%2Fcomments&post=37253"}],"version-history":[{"count":1,"href":"https:\/\/encuentroinformativo.com.mx\/index.php?rest_route=\/wp\/v2\/posts\/37253\/revisions"}],"predecessor-version":[{"id":37255,"href":"https:\/\/encuentroinformativo.com.mx\/index.php?rest_route=\/wp\/v2\/posts\/37253\/revisions\/37255"}],"wp:featuredmedia":[{"embeddable":true,"href":"https:\/\/encuentroinformativo.com.mx\/index.php?rest_route=\/wp\/v2\/media\/37254"}],"wp:attachment":[{"href":"https:\/\/encuentroinformativo.com.mx\/index.php?rest_route=%2Fwp%2Fv2%2Fmedia&parent=37253"}],"wp:term":[{"taxonomy":"category","embeddable":true,"href":"https:\/\/encuentroinformativo.com.mx\/index.php?rest_route=%2Fwp%2Fv2%2Fcategories&post=37253"},{"taxonomy":"post_tag","embeddable":true,"href":"https:\/\/encuentroinformativo.com.mx\/index.php?rest_route=%2Fwp%2Fv2%2Ftags&post=37253"}],"curies":[{"name":"wp","href":"https:\/\/api.w.org\/{rel}","templated":true}]}}