{"id":37264,"date":"2023-02-25T18:02:36","date_gmt":"2023-02-26T00:02:36","guid":{"rendered":"https:\/\/encuentroinformativo.com.mx\/?p=37264"},"modified":"2023-02-25T18:02:39","modified_gmt":"2023-02-26T00:02:39","slug":"plan-b-de-reforma-electoral-no-aplicara-para-proximas-elecciones-senador","status":"publish","type":"post","link":"https:\/\/encuentroinformativo.com.mx\/?p=37264","title":{"rendered":"Plan B de reforma electoral no aplicar\u00e1 para pr\u00f3ximas elecciones: Senador"},"content":{"rendered":"\n<p><strong>Dar\u00edo Pale<\/strong><\/p>\n\n\n\n<p>Xalapa, Ver.- A pesar de que el plan &#8220;B&#8221; de la reforma electoral que fue aprobada por el Senado, no se podr\u00e1 aplicar en las pr\u00f3ximas elecciones debido a que la Suprema Corre de Justicia de la Naci\u00f3n (SCJN), debe de pronunciarse sobre la constitucionalidad de la misma.<\/p>\n\n\n\n<p>En conferencia de prensa el senador Miguel \u00c1ngel Mancera Espinosa coment\u00f3 que su visita al estado de Veracruz, dijo que tiene como objetivo difundir en qu\u00e9 consiste el gobierno de coalici\u00f3n y sus bondades, as\u00ed como cu\u00e1les son las diferencias con la mera coalici\u00f3n electoral pues afirm\u00f3 que las elecciones de 2024 ser\u00e1 una lucha de alianzas.\u00a0<\/p>\n\n\n\n<p>\u201cSer\u00e1 una lucha de alianzas porque por un lado tienes la alianza de gobierno, y del otro lado debe haber una alianza que debe ser con causa. El objetivo de esta alianza es establecer un gobierno de coalici\u00f3n\u201d, se\u00f1al\u00f3.<\/p>\n\n\n\n<p>Coment\u00f3 que est\u00e1n dispuestos a aliarse con todos los partidos pol\u00edticos que lo deseen porque la gobernanza de coalici\u00f3n ha tra\u00eddo buenos resultados en otros estados como Aguascalientes.<\/p>\n\n\n\n<p>En cuanto al plan &#8220;B&#8221; de la reforma electoral se\u00f1al\u00f3 que, \u201clo que tenemos claro es que est\u00e1 suspendida la aplicaci\u00f3n de la ley, se aprob\u00f3 pero est\u00e1 suspendida, no puede tener vigencia hasta que la Corte no se pronuncie sobre su constitucionalidad\u201d.<\/p>\n\n\n\n<p>Consider\u00f3 que aunque hay algunas reformas que se mantendr\u00e1n como el voto electr\u00f3nico, no obstante se\u00f1al\u00f3 que hay otras reformas que deben ser declaradas como inconstitucionales porque debilitan al Instituto Nacional Electoral (INE).\u00a0<\/p>\n\n\n\n<p>Finalmente dijo que, \u201cno tengo duda de que habr\u00e1 cosas constitucionales y otras no, lo que ser\u00e1 constitucional ser\u00e1 el tema del voto electr\u00f3nico, pero hay algunas otras que estoy claro que se declarar\u00e1n inconstitucionales porque hay un debilitamiento del \u00f3rgano que organiza las elecciones\u201d.<\/p>\n\n\n\n<figure class=\"wp-block-image size-large\"><img loading=\"lazy\" decoding=\"async\" width=\"1024\" height=\"683\" src=\"https:\/\/encuentroinformativo.com.mx\/wp-content\/uploads\/2023\/02\/Photo_1677369339780-1024x683.jpg\" alt=\"\" class=\"wp-image-37266\" srcset=\"https:\/\/encuentroinformativo.com.mx\/wp-content\/uploads\/2023\/02\/Photo_1677369339780-1024x683.jpg 1024w, https:\/\/encuentroinformativo.com.mx\/wp-content\/uploads\/2023\/02\/Photo_1677369339780-300x200.jpg 300w, https:\/\/encuentroinformativo.com.mx\/wp-content\/uploads\/2023\/02\/Photo_1677369339780-768x512.jpg 768w, https:\/\/encuentroinformativo.com.mx\/wp-content\/uploads\/2023\/02\/Photo_1677369339780-1536x1024.jpg 1536w, https:\/\/encuentroinformativo.com.mx\/wp-content\/uploads\/2023\/02\/Photo_1677369339780.jpg 1968w\" sizes=\"auto, (max-width: 1024px) 100vw, 1024px\" \/><\/figure>\n","protected":false},"excerpt":{"rendered":"<p>Dar\u00edo Pale Xalapa, Ver.- A pesar de que el plan &#8220;B&#8221; de la reforma electoral que fue aprobada por el Senado, no se podr\u00e1 aplicar en las pr\u00f3ximas elecciones debido a que la Suprema Corre de Justicia de la Naci\u00f3n (SCJN), debe de pronunciarse sobre la constitucionalidad de la misma. En conferencia de prensa el [&hellip;]<\/p>\n","protected":false},"author":2476,"featured_media":37265,"comment_status":"open","ping_status":"open","sticky":false,"template":"","format":"standard","meta":{"_jetpack_memberships_contains_paid_content":false,"footnotes":""},"categories":[2],"tags":[],"class_list":["post-37264","post","type-post","status-publish","format-standard","has-post-thumbnail","hentry","category-estado"],"jetpack_featured_media_url":"https:\/\/encuentroinformativo.com.mx\/wp-content\/uploads\/2023\/02\/Photo_1677369387535.jpg","jetpack_sharing_enabled":true,"jetpack_likes_enabled":true,"amp_enabled":true,"_links":{"self":[{"href":"https:\/\/encuentroinformativo.com.mx\/index.php?rest_route=\/wp\/v2\/posts\/37264","targetHints":{"allow":["GET"]}}],"collection":[{"href":"https:\/\/encuentroinformativo.com.mx\/index.php?rest_route=\/wp\/v2\/posts"}],"about":[{"href":"https:\/\/encuentroinformativo.com.mx\/index.php?rest_route=\/wp\/v2\/types\/post"}],"author":[{"embeddable":true,"href":"https:\/\/encuentroinformativo.com.mx\/index.php?rest_route=\/wp\/v2\/users\/2476"}],"replies":[{"embeddable":true,"href":"https:\/\/encuentroinformativo.com.mx\/index.php?rest_route=%2Fwp%2Fv2%2Fcomments&post=37264"}],"version-history":[{"count":1,"href":"https:\/\/encuentroinformativo.com.mx\/index.php?rest_route=\/wp\/v2\/posts\/37264\/revisions"}],"predecessor-version":[{"id":37267,"href":"https:\/\/encuentroinformativo.com.mx\/index.php?rest_route=\/wp\/v2\/posts\/37264\/revisions\/37267"}],"wp:featuredmedia":[{"embeddable":true,"href":"https:\/\/encuentroinformativo.com.mx\/index.php?rest_route=\/wp\/v2\/media\/37265"}],"wp:attachment":[{"href":"https:\/\/encuentroinformativo.com.mx\/index.php?rest_route=%2Fwp%2Fv2%2Fmedia&parent=37264"}],"wp:term":[{"taxonomy":"category","embeddable":true,"href":"https:\/\/encuentroinformativo.com.mx\/index.php?rest_route=%2Fwp%2Fv2%2Fcategories&post=37264"},{"taxonomy":"post_tag","embeddable":true,"href":"https:\/\/encuentroinformativo.com.mx\/index.php?rest_route=%2Fwp%2Fv2%2Ftags&post=37264"}],"curies":[{"name":"wp","href":"https:\/\/api.w.org\/{rel}","templated":true}]}}