{"id":37277,"date":"2023-02-26T13:08:19","date_gmt":"2023-02-26T19:08:19","guid":{"rendered":"https:\/\/encuentroinformativo.com.mx\/?p=37277"},"modified":"2023-02-26T13:08:23","modified_gmt":"2023-02-26T19:08:23","slug":"marchan-en-xalapa-en-defensa-del-ine","status":"publish","type":"post","link":"https:\/\/encuentroinformativo.com.mx\/?p=37277","title":{"rendered":"Marchan en Xalapa en defensa del INE"},"content":{"rendered":"\n<p><strong>Juan Arcos <\/strong><\/p>\n\n\n\n<p>Xalapa, Ver.- Cientos de ciudadanas y ciudadanos marcharon en esta ciudad de Xalapa, en defensa del Instituto Nacional Electoral (INE).<\/p>\n\n\n\n<p>Las personas se concentraron en el Teatro del Estado \u201cIgnacio de la Llave\u201d y despu\u00e9s caminaron hacia Palacio de Gobierno. Participaron integrantes de partidos pol\u00edticos, asociaciones civiles y la poblaci\u00f3n en general.<\/p>\n\n\n\n<p>Se observ\u00f3 a integrantes del Partido Acci\u00f3n Nacional (PAN), Partido Revolucionario Institucional (PRI) y del Partido de la Revoluci\u00f3n Democr\u00e1tica (PRD).<\/p>\n\n\n\n<p>\u201cINE, aguanta, el pueblo se levanta\u201d, gritaron una y otra vez durante su recorrido en el centro de esta capital del estado.<\/p>\n\n\n\n<p>\u201cNuestra democracia est\u00e1 en riesgo, estas reformas dividen a los mexicanos, estas reformas no fueron producto del censo pol\u00edtico. El \u00fanico argumento ha sido el ahorro\u201d, expresaron.<\/p>\n\n\n\n<p>Adriana Franco Sampayo, del movimiento Misi\u00f3n Rescate Mexico, indic\u00f3 que los organismos pol\u00edticos y asociaciones civiles iniciar\u00e1n una lucha legal en contra del \u201cPlan B\u201d para la reforma electoral que impulsa el gobierno federal.<\/p>\n\n\n\n<p>La mayor concentraci\u00f3n se llev\u00f3 a cabo en el Z\u00f3calo de la Ciudad de M\u00e9xico, pero tambi\u00e9n hubo marchas y manifestaciones en decenas de ciudades de toda la Rep\u00fablica Mexicana.<br>\u201cExigimos a la Suprema Corte de Justicia de la Naci\u00f3n que escuche las exigencias del pueblo de Mexico\u201d, enfatiz\u00f3 Franco Sampayo.<\/p>\n\n\n\n<p>Las ciudadanas y ciudadanos cantaron el Himno Nacional sobre Plaza Sebasti\u00e1n Lerdo de Tejada, a un costado de la Catedral Metropolitana de Xalapa.<\/p>\n\n\n\n<p>Poco antes de las 12:00 horas concluyeron su mitin frente a Palacio de Gobierno y comenzaron a retirarse del primer cuadro de la ciudad de Xalapa.<\/p>\n\n\n\n<figure class=\"wp-block-image size-large\"><img loading=\"lazy\" decoding=\"async\" width=\"1024\" height=\"683\" src=\"https:\/\/encuentroinformativo.com.mx\/wp-content\/uploads\/2023\/02\/Photo_1677438322641-1024x683.jpg\" alt=\"\" class=\"wp-image-37279\" srcset=\"https:\/\/encuentroinformativo.com.mx\/wp-content\/uploads\/2023\/02\/Photo_1677438322641-1024x683.jpg 1024w, https:\/\/encuentroinformativo.com.mx\/wp-content\/uploads\/2023\/02\/Photo_1677438322641-300x200.jpg 300w, https:\/\/encuentroinformativo.com.mx\/wp-content\/uploads\/2023\/02\/Photo_1677438322641-768x512.jpg 768w, https:\/\/encuentroinformativo.com.mx\/wp-content\/uploads\/2023\/02\/Photo_1677438322641-1536x1024.jpg 1536w, https:\/\/encuentroinformativo.com.mx\/wp-content\/uploads\/2023\/02\/Photo_1677438322641.jpg 1968w\" sizes=\"auto, (max-width: 1024px) 100vw, 1024px\" \/><\/figure>\n\n\n\n<figure class=\"wp-block-image size-large\"><img loading=\"lazy\" decoding=\"async\" width=\"1024\" height=\"683\" src=\"https:\/\/encuentroinformativo.com.mx\/wp-content\/uploads\/2023\/02\/Photo_1677438348966-1024x683.jpg\" alt=\"\" class=\"wp-image-37280\" srcset=\"https:\/\/encuentroinformativo.com.mx\/wp-content\/uploads\/2023\/02\/Photo_1677438348966-1024x683.jpg 1024w, https:\/\/encuentroinformativo.com.mx\/wp-content\/uploads\/2023\/02\/Photo_1677438348966-300x200.jpg 300w, https:\/\/encuentroinformativo.com.mx\/wp-content\/uploads\/2023\/02\/Photo_1677438348966-768x512.jpg 768w, https:\/\/encuentroinformativo.com.mx\/wp-content\/uploads\/2023\/02\/Photo_1677438348966-1536x1024.jpg 1536w, https:\/\/encuentroinformativo.com.mx\/wp-content\/uploads\/2023\/02\/Photo_1677438348966.jpg 1968w\" sizes=\"auto, (max-width: 1024px) 100vw, 1024px\" \/><\/figure>\n\n\n\n<figure class=\"wp-block-image size-large\"><img loading=\"lazy\" decoding=\"async\" width=\"1024\" height=\"683\" src=\"https:\/\/encuentroinformativo.com.mx\/wp-content\/uploads\/2023\/02\/Photo_1677438270537-1024x683.jpg\" alt=\"\" class=\"wp-image-37281\" srcset=\"https:\/\/encuentroinformativo.com.mx\/wp-content\/uploads\/2023\/02\/Photo_1677438270537-1024x683.jpg 1024w, https:\/\/encuentroinformativo.com.mx\/wp-content\/uploads\/2023\/02\/Photo_1677438270537-300x200.jpg 300w, https:\/\/encuentroinformativo.com.mx\/wp-content\/uploads\/2023\/02\/Photo_1677438270537-768x512.jpg 768w, https:\/\/encuentroinformativo.com.mx\/wp-content\/uploads\/2023\/02\/Photo_1677438270537-1536x1024.jpg 1536w, https:\/\/encuentroinformativo.com.mx\/wp-content\/uploads\/2023\/02\/Photo_1677438270537.jpg 1968w\" sizes=\"auto, (max-width: 1024px) 100vw, 1024px\" \/><\/figure>\n","protected":false},"excerpt":{"rendered":"<p>Juan Arcos Xalapa, Ver.- Cientos de ciudadanas y ciudadanos marcharon en esta ciudad de Xalapa, en defensa del Instituto Nacional Electoral (INE). Las personas se concentraron en el Teatro del Estado \u201cIgnacio de la Llave\u201d y despu\u00e9s caminaron hacia Palacio de Gobierno. Participaron integrantes de partidos pol\u00edticos, asociaciones civiles y la poblaci\u00f3n en general. Se [&hellip;]<\/p>\n","protected":false},"author":2476,"featured_media":37278,"comment_status":"open","ping_status":"open","sticky":false,"template":"","format":"standard","meta":{"_jetpack_memberships_contains_paid_content":false,"footnotes":""},"categories":[3],"tags":[],"class_list":["post-37277","post","type-post","status-publish","format-standard","has-post-thumbnail","hentry","category-xalapa"],"jetpack_featured_media_url":"https:\/\/encuentroinformativo.com.mx\/wp-content\/uploads\/2023\/02\/IMG-20230226-WA0010.jpg","jetpack_sharing_enabled":true,"jetpack_likes_enabled":true,"amp_enabled":true,"_links":{"self":[{"href":"https:\/\/encuentroinformativo.com.mx\/index.php?rest_route=\/wp\/v2\/posts\/37277","targetHints":{"allow":["GET"]}}],"collection":[{"href":"https:\/\/encuentroinformativo.com.mx\/index.php?rest_route=\/wp\/v2\/posts"}],"about":[{"href":"https:\/\/encuentroinformativo.com.mx\/index.php?rest_route=\/wp\/v2\/types\/post"}],"author":[{"embeddable":true,"href":"https:\/\/encuentroinformativo.com.mx\/index.php?rest_route=\/wp\/v2\/users\/2476"}],"replies":[{"embeddable":true,"href":"https:\/\/encuentroinformativo.com.mx\/index.php?rest_route=%2Fwp%2Fv2%2Fcomments&post=37277"}],"version-history":[{"count":1,"href":"https:\/\/encuentroinformativo.com.mx\/index.php?rest_route=\/wp\/v2\/posts\/37277\/revisions"}],"predecessor-version":[{"id":37282,"href":"https:\/\/encuentroinformativo.com.mx\/index.php?rest_route=\/wp\/v2\/posts\/37277\/revisions\/37282"}],"wp:featuredmedia":[{"embeddable":true,"href":"https:\/\/encuentroinformativo.com.mx\/index.php?rest_route=\/wp\/v2\/media\/37278"}],"wp:attachment":[{"href":"https:\/\/encuentroinformativo.com.mx\/index.php?rest_route=%2Fwp%2Fv2%2Fmedia&parent=37277"}],"wp:term":[{"taxonomy":"category","embeddable":true,"href":"https:\/\/encuentroinformativo.com.mx\/index.php?rest_route=%2Fwp%2Fv2%2Fcategories&post=37277"},{"taxonomy":"post_tag","embeddable":true,"href":"https:\/\/encuentroinformativo.com.mx\/index.php?rest_route=%2Fwp%2Fv2%2Ftags&post=37277"}],"curies":[{"name":"wp","href":"https:\/\/api.w.org\/{rel}","templated":true}]}}