{"id":37286,"date":"2023-02-26T19:07:07","date_gmt":"2023-02-27T01:07:07","guid":{"rendered":"https:\/\/encuentroinformativo.com.mx\/?p=37286"},"modified":"2023-02-26T19:07:11","modified_gmt":"2023-02-27T01:07:11","slug":"aumentan-casos-de-bullying-escolar","status":"publish","type":"post","link":"https:\/\/encuentroinformativo.com.mx\/?p=37286","title":{"rendered":"Aumentan casos de bullying escolar"},"content":{"rendered":"\n<p><strong>Juan Arcos <\/strong><\/p>\n\n\n\n<p>Xalapa, Ver.- Los casos de bullying o acoso escolar han aumentado en planteles de las distintas regiones del estado de Veracruz.<\/p>\n\n\n\n<p>De acuerdo con la coordinadora para la Prevenci\u00f3n de Adicciones y Conductas Antisociales de la Subsecretar\u00eda de Desarrollo Educativo, se ha detectado esta problem\u00e1tica tras la pandemia por Sars-Cov2 (Covid-19).<\/p>\n\n\n\n<p>La funcionaria de la Secretar\u00eda de Educaci\u00f3n de Veracruz (SEV) detall\u00f3 que los casos de acoso escolar son m\u00e1s comunes entre alumnos adolescentes y j\u00f3venes.<\/p>\n\n\n\n<p>A su juicio, este problema se debe a que han incrementado los \u00edndices de violencia en la entidad veracruzana y en la Rep\u00fablica Mexicana.<br>Por tal motivo, se llevan a cabo conferencias en las escuelas para concientizar a los estudiantes y as\u00ed evitar casos de bullying.<\/p>\n\n\n\n<p>\u201cEsto se realiza para prevenir todo tipo de violencia en la escuela y que se replique en la familia y con ello se eviten situaciones donde los estudiantes sean violentos\u201d, enfatiz\u00f3.<\/p>\n\n\n\n<p>El acoso escolar por homofobia se hab\u00eda quedado \u201cestancado\u201d en Veracruz durante m\u00e1s de dos a\u00f1os por la pandemia delCoronavirus tras la suspensi\u00f3n de clases presenciales; sin embargo, con el regreso gradual a las aulas se detectaron casos en diferentes escuelas.<\/p>\n\n\n\n<p>Hasta el momento, las autoridades no han revelado la cifra total de casos de bullying atendidos, pero se est\u00e1n llevando a cabo acciones para prevenir el problema.<\/p>\n","protected":false},"excerpt":{"rendered":"<p>Juan Arcos Xalapa, Ver.- Los casos de bullying o acoso escolar han aumentado en planteles de las distintas regiones del estado de Veracruz. De acuerdo con la coordinadora para la Prevenci\u00f3n de Adicciones y Conductas Antisociales de la Subsecretar\u00eda de Desarrollo Educativo, se ha detectado esta problem\u00e1tica tras la pandemia por Sars-Cov2 (Covid-19). La funcionaria [&hellip;]<\/p>\n","protected":false},"author":2476,"featured_media":37287,"comment_status":"open","ping_status":"open","sticky":false,"template":"","format":"standard","meta":{"_jetpack_memberships_contains_paid_content":false,"footnotes":""},"categories":[2],"tags":[],"class_list":["post-37286","post","type-post","status-publish","format-standard","has-post-thumbnail","hentry","category-estado"],"jetpack_featured_media_url":"https:\/\/encuentroinformativo.com.mx\/wp-content\/uploads\/2023\/02\/IMG_5254.jpg","jetpack_sharing_enabled":true,"jetpack_likes_enabled":true,"amp_enabled":true,"_links":{"self":[{"href":"https:\/\/encuentroinformativo.com.mx\/index.php?rest_route=\/wp\/v2\/posts\/37286","targetHints":{"allow":["GET"]}}],"collection":[{"href":"https:\/\/encuentroinformativo.com.mx\/index.php?rest_route=\/wp\/v2\/posts"}],"about":[{"href":"https:\/\/encuentroinformativo.com.mx\/index.php?rest_route=\/wp\/v2\/types\/post"}],"author":[{"embeddable":true,"href":"https:\/\/encuentroinformativo.com.mx\/index.php?rest_route=\/wp\/v2\/users\/2476"}],"replies":[{"embeddable":true,"href":"https:\/\/encuentroinformativo.com.mx\/index.php?rest_route=%2Fwp%2Fv2%2Fcomments&post=37286"}],"version-history":[{"count":1,"href":"https:\/\/encuentroinformativo.com.mx\/index.php?rest_route=\/wp\/v2\/posts\/37286\/revisions"}],"predecessor-version":[{"id":37288,"href":"https:\/\/encuentroinformativo.com.mx\/index.php?rest_route=\/wp\/v2\/posts\/37286\/revisions\/37288"}],"wp:featuredmedia":[{"embeddable":true,"href":"https:\/\/encuentroinformativo.com.mx\/index.php?rest_route=\/wp\/v2\/media\/37287"}],"wp:attachment":[{"href":"https:\/\/encuentroinformativo.com.mx\/index.php?rest_route=%2Fwp%2Fv2%2Fmedia&parent=37286"}],"wp:term":[{"taxonomy":"category","embeddable":true,"href":"https:\/\/encuentroinformativo.com.mx\/index.php?rest_route=%2Fwp%2Fv2%2Fcategories&post=37286"},{"taxonomy":"post_tag","embeddable":true,"href":"https:\/\/encuentroinformativo.com.mx\/index.php?rest_route=%2Fwp%2Fv2%2Ftags&post=37286"}],"curies":[{"name":"wp","href":"https:\/\/api.w.org\/{rel}","templated":true}]}}