{"id":37304,"date":"2023-02-27T11:46:46","date_gmt":"2023-02-27T17:46:46","guid":{"rendered":"https:\/\/encuentroinformativo.com.mx\/?p=37304"},"modified":"2023-02-27T11:46:50","modified_gmt":"2023-02-27T17:46:50","slug":"marcelo-ebrard-encabeza-preferencias-afirman-simpatizantes","status":"publish","type":"post","link":"https:\/\/encuentroinformativo.com.mx\/?p=37304","title":{"rendered":"Marcelo Ebrard encabeza preferencias, afirman simpatizantes"},"content":{"rendered":"\n<p><strong>Israel Garc\u00eda<\/strong><\/p>\n\n\n\n<p>Xalapa, Ver.- El canciller Marcelo Ebrard cuenta con la capacidad y experiencia necesaria para contender a la presidencia de la rep\u00fablica, as\u00ed lo consider\u00f3 el senador Primo Doth\u00e9 enlace nacional del canciller para el estado de Veracruz.<\/p>\n\n\n\n<p>En conferencia de prensa en conocido caf\u00e9, dijo confiar en que las encuestas para definir candidatos no se realizar\u00e1n de forma inmediata y ser\u00e1n al menos tres, que podr\u00edan desarrollar a partir del mes de julio.<\/p>\n\n\n\n<p>Sin embargo, consider\u00f3 que el funcionario federal en estos momentos se encuentra encabezando la lista de preferencias ante los dem\u00e1s nombres que tambi\u00e9n se mencionan.<\/p>\n\n\n\n<p>\u201cEn la cuarta transformaci\u00f3n tenemos cinco perfiles, sin embargo, nosotros consideramos que es Marcelo Ebrard quien tiene la combinaci\u00f3n de experiencia y talentos, porque se ha forjado tanto en los gobiernos de la ciudad de M\u00e9xico como en el gobierno\u201d.<\/p>\n\n\n\n<p>Finalmente se\u00f1al\u00f3 que existe el compromiso de que quienes no resulten favorecidos en las encuestas apoyar\u00e1n a quienes s\u00ed resulte seleccionado.<\/p>\n\n\n\n<p>\u201cHay un compromiso de que se va a respaldar a quien resulte favorecido en las encuestas\u2026 nosotros tenemos la certeza de que estamos cuatro puntos arriba a nivel nacional\u201d, puntualiz\u00f3.<\/p>\n","protected":false},"excerpt":{"rendered":"<p>Israel Garc\u00eda Xalapa, Ver.- El canciller Marcelo Ebrard cuenta con la capacidad y experiencia necesaria para contender a la presidencia de la rep\u00fablica, as\u00ed lo consider\u00f3 el senador Primo Doth\u00e9 enlace nacional del canciller para el estado de Veracruz. En conferencia de prensa en conocido caf\u00e9, dijo confiar en que las encuestas para definir candidatos [&hellip;]<\/p>\n","protected":false},"author":2476,"featured_media":37305,"comment_status":"open","ping_status":"open","sticky":false,"template":"","format":"standard","meta":{"_jetpack_memberships_contains_paid_content":false,"footnotes":""},"categories":[2],"tags":[],"class_list":["post-37304","post","type-post","status-publish","format-standard","has-post-thumbnail","hentry","category-estado"],"jetpack_featured_media_url":"https:\/\/encuentroinformativo.com.mx\/wp-content\/uploads\/2023\/02\/IMG-20230227-WA00172.jpg","jetpack_sharing_enabled":true,"jetpack_likes_enabled":true,"amp_enabled":true,"_links":{"self":[{"href":"https:\/\/encuentroinformativo.com.mx\/index.php?rest_route=\/wp\/v2\/posts\/37304","targetHints":{"allow":["GET"]}}],"collection":[{"href":"https:\/\/encuentroinformativo.com.mx\/index.php?rest_route=\/wp\/v2\/posts"}],"about":[{"href":"https:\/\/encuentroinformativo.com.mx\/index.php?rest_route=\/wp\/v2\/types\/post"}],"author":[{"embeddable":true,"href":"https:\/\/encuentroinformativo.com.mx\/index.php?rest_route=\/wp\/v2\/users\/2476"}],"replies":[{"embeddable":true,"href":"https:\/\/encuentroinformativo.com.mx\/index.php?rest_route=%2Fwp%2Fv2%2Fcomments&post=37304"}],"version-history":[{"count":1,"href":"https:\/\/encuentroinformativo.com.mx\/index.php?rest_route=\/wp\/v2\/posts\/37304\/revisions"}],"predecessor-version":[{"id":37306,"href":"https:\/\/encuentroinformativo.com.mx\/index.php?rest_route=\/wp\/v2\/posts\/37304\/revisions\/37306"}],"wp:featuredmedia":[{"embeddable":true,"href":"https:\/\/encuentroinformativo.com.mx\/index.php?rest_route=\/wp\/v2\/media\/37305"}],"wp:attachment":[{"href":"https:\/\/encuentroinformativo.com.mx\/index.php?rest_route=%2Fwp%2Fv2%2Fmedia&parent=37304"}],"wp:term":[{"taxonomy":"category","embeddable":true,"href":"https:\/\/encuentroinformativo.com.mx\/index.php?rest_route=%2Fwp%2Fv2%2Fcategories&post=37304"},{"taxonomy":"post_tag","embeddable":true,"href":"https:\/\/encuentroinformativo.com.mx\/index.php?rest_route=%2Fwp%2Fv2%2Ftags&post=37304"}],"curies":[{"name":"wp","href":"https:\/\/api.w.org\/{rel}","templated":true}]}}